{"id":166,"date":"2009-08-27T14:28:34","date_gmt":"2009-08-27T14:28:34","guid":{"rendered":"http:\/\/www.obispadorqta.org.ar\/v3\/formacion-permanente-del-presbiterio\/"},"modified":"2022-12-30T11:00:18","modified_gmt":"2022-12-30T14:00:18","slug":"formacion-permanente-del-presbiterio","status":"publish","type":"post","link":"https:\/\/www.obispadorqta.org.ar\/v3\/formacion-permanente-del-presbiterio\/","title":{"rendered":"Formaci\u00f3n Permanente del Presbiterio"},"content":{"rendered":"<p><span style=\"font-family: arial,helvetica,sans-serif; font-size: 10px; font-style: normal; line-height: normal; color: #000000;\"><strong>Miembros:<br \/>\n<\/strong>Pbro. Efr\u00e9n Mario Agretti<br \/>\nPbro. Sergio Fabi\u00e1n Vicent\u00edn.<\/p>\n<p><\/span><\/p>\n","protected":false},"excerpt":{"rendered":"<div class=\"mh-excerpt\"><p>Miembros: Pbro. Efr\u00e9n Mario Agretti Pbro. Sergio Fabi\u00e1n Vicent\u00edn.<\/p>\n<\/div>","protected":false},"author":1,"featured_media":0,"comment_status":"open","ping_status":"open","sticky":false,"template":"","format":"standard","meta":{"footnotes":""},"categories":[42],"tags":[],"class_list":["post-166","post","type-post","status-publish","format-standard","hentry","category-equiposdiocesanos"],"_links":{"self":[{"href":"https:\/\/www.obispadorqta.org.ar\/v3\/wp-json\/wp\/v2\/posts\/166","targetHints":{"allow":["GET"]}}],"collection":[{"href":"https:\/\/www.obispadorqta.org.ar\/v3\/wp-json\/wp\/v2\/posts"}],"about":[{"href":"https:\/\/www.obispadorqta.org.ar\/v3\/wp-json\/wp\/v2\/types\/post"}],"author":[{"embeddable":true,"href":"https:\/\/www.obispadorqta.org.ar\/v3\/wp-json\/wp\/v2\/users\/1"}],"replies":[{"embeddable":true,"href":"https:\/\/www.obispadorqta.org.ar\/v3\/wp-json\/wp\/v2\/comments?post=166"}],"version-history":[{"count":1,"href":"https:\/\/www.obispadorqta.org.ar\/v3\/wp-json\/wp\/v2\/posts\/166\/revisions"}],"predecessor-version":[{"id":8414,"href":"https:\/\/www.obispadorqta.org.ar\/v3\/wp-json\/wp\/v2\/posts\/166\/revisions\/8414"}],"wp:attachment":[{"href":"https:\/\/www.obispadorqta.org.ar\/v3\/wp-json\/wp\/v2\/media?parent=166"}],"wp:term":[{"taxonomy":"category","embeddable":true,"href":"https:\/\/www.obispadorqta.org.ar\/v3\/wp-json\/wp\/v2\/categories?post=166"},{"taxonomy":"post_tag","embeddable":true,"href":"https:\/\/www.obispadorqta.org.ar\/v3\/wp-json\/wp\/v2\/tags?post=166"}],"curies":[{"name":"wp","href":"https:\/\/api.w.org\/{rel}","templated":true}]}}