{"id":1664,"date":"2017-06-02T15:06:10","date_gmt":"2017-06-02T15:06:10","guid":{"rendered":"http:\/\/www.obispadorqta.org.ar\/v3\/?p=1664"},"modified":"2017-06-12T14:41:38","modified_gmt":"2017-06-12T14:41:38","slug":"un-minuto-por-la-paz-2","status":"publish","type":"post","link":"https:\/\/www.obispadorqta.org.ar\/v3\/un-minuto-por-la-paz-2\/","title":{"rendered":"UN MINUTO POR LA PAZ"},"content":{"rendered":"<p>Desde hace unos a\u00f1os, desde 2014, cuando el Papa Francisco pidi\u00f3 que lo acompa\u00f1aran con la oraci\u00f3n preparando su hist\u00f3rico encuentro en el Vaticano con los presidentes de Israel y Palestina, surgi\u00f3 la propuesta de\u00a0UN MINUTO POR LA PAZ.<\/p>\n<p>En comuni\u00f3n con la Conferencia Episcopal Argentina, la Comisi\u00f3n Nacional de Justicia y Paz, junto a la Acci\u00f3n Cat\u00f3lica Argentina, el Departamento de Laicos (DEPLAI) , la CEERJIR, \u00a0y muchas otras asociaciones, se promueve en nuestro pa\u00eds \u00a0<strong>\u201cUN MINUTO POR LA PAZ\u201d<\/strong>, para que podamos unir nuestra oraci\u00f3n por la paz, quebrada o amenazada en varias regiones del mundo.<\/p>\n<p>La invitaci\u00f3n es que el pr\u00f3ximo <strong>jueves 08 de junio a las 13 hs<\/strong>., nos detengamos\u00a0 un momento, durante un minuto, rezando cada uno seg\u00fan su propia tradici\u00f3n.<\/p>\n<p>Podremos hacerlo solos o en grupo, en nuestros hogares o lugares de trabajo o estudio, o compartiendo una celebraci\u00f3n en el templo, en este a\u00f1o con una intenci\u00f3n especial, asumiendo el mensaje del Papa Francisco en Egipto,<em> \u201cLa religi\u00f3n no s\u00f3lo est\u00e1 llamada a desenmascarar el mal sino que lleva en s\u00ed misma la vocaci\u00f3n a promover la paz, probablemente hoy m\u00e1s que nunca. Sin caer en sincretismos conciliadores, nuestra tarea es la de rezar los unos por los otros, pidiendo a Dios el don de la paz, encontrarnos, dialogar y promover la armon\u00eda con un esp\u00edritu de cooperaci\u00f3n y amistad. \u201c \u2026. \u201cEn realidad, no sirve de mucho levantar la voz y correr a rearmarse para protegerse: hoy se necesitan constructores de paz, no de armas; hoy se necesitan constructores de paz, no provocadores de conflictos; bomberos y no incendiarios; predicadores de reconciliaci\u00f3n y no vendedores de destrucci\u00f3n.\u201d<\/em><\/p>\n","protected":false},"excerpt":{"rendered":"<div class=\"mh-excerpt\"><p>Desde hace unos a\u00f1os, desde 2014, cuando el Papa Francisco pidi\u00f3 que lo acompa\u00f1aran con la oraci\u00f3n preparando su hist\u00f3rico encuentro en el Vaticano con <a class=\"mh-excerpt-more\" href=\"https:\/\/www.obispadorqta.org.ar\/v3\/un-minuto-por-la-paz-2\/\" title=\"UN MINUTO POR LA PAZ\">[&#8230;]<\/a><\/p>\n<\/div>","protected":false},"author":3,"featured_media":1665,"comment_status":"closed","ping_status":"open","sticky":false,"template":"","format":"standard","meta":{"footnotes":""},"categories":[28],"tags":[],"class_list":["post-1664","post","type-post","status-publish","format-standard","has-post-thumbnail","hentry","category-latest-news"],"_links":{"self":[{"href":"https:\/\/www.obispadorqta.org.ar\/v3\/wp-json\/wp\/v2\/posts\/1664","targetHints":{"allow":["GET"]}}],"collection":[{"href":"https:\/\/www.obispadorqta.org.ar\/v3\/wp-json\/wp\/v2\/posts"}],"about":[{"href":"https:\/\/www.obispadorqta.org.ar\/v3\/wp-json\/wp\/v2\/types\/post"}],"author":[{"embeddable":true,"href":"https:\/\/www.obispadorqta.org.ar\/v3\/wp-json\/wp\/v2\/users\/3"}],"replies":[{"embeddable":true,"href":"https:\/\/www.obispadorqta.org.ar\/v3\/wp-json\/wp\/v2\/comments?post=1664"}],"version-history":[{"count":3,"href":"https:\/\/www.obispadorqta.org.ar\/v3\/wp-json\/wp\/v2\/posts\/1664\/revisions"}],"predecessor-version":[{"id":1669,"href":"https:\/\/www.obispadorqta.org.ar\/v3\/wp-json\/wp\/v2\/posts\/1664\/revisions\/1669"}],"wp:featuredmedia":[{"embeddable":true,"href":"https:\/\/www.obispadorqta.org.ar\/v3\/wp-json\/wp\/v2\/media\/1665"}],"wp:attachment":[{"href":"https:\/\/www.obispadorqta.org.ar\/v3\/wp-json\/wp\/v2\/media?parent=1664"}],"wp:term":[{"taxonomy":"category","embeddable":true,"href":"https:\/\/www.obispadorqta.org.ar\/v3\/wp-json\/wp\/v2\/categories?post=1664"},{"taxonomy":"post_tag","embeddable":true,"href":"https:\/\/www.obispadorqta.org.ar\/v3\/wp-json\/wp\/v2\/tags?post=1664"}],"curies":[{"name":"wp","href":"https:\/\/api.w.org\/{rel}","templated":true}]}}