{"id":1674,"date":"2017-06-05T12:53:15","date_gmt":"2017-06-05T12:53:15","guid":{"rendered":"http:\/\/www.obispadorqta.org.ar\/v3\/?p=1674"},"modified":"2017-06-12T14:40:56","modified_gmt":"2017-06-12T14:40:56","slug":"campana-alimentos-seminario-interdiocesano-la-encarnacion","status":"publish","type":"post","link":"https:\/\/www.obispadorqta.org.ar\/v3\/campana-alimentos-seminario-interdiocesano-la-encarnacion\/","title":{"rendered":"Campa\u00f1a Alimentos Seminario Interdiocesano \u00abLa Encarnaci\u00f3n\u00bb"},"content":{"rendered":"<p>El mes de Junio, como ya es tradici\u00f3n, se lleva a cabo la Campa\u00f1a de Alimentos para el Seminario Interdiocesano \u00abLa Encarnaci\u00f3n\u00bb. Los aportes en mercader\u00edas se pueden acercar a cada parroquia. Adem\u00e1s, esta ocasi\u00f3n es propicia para que sigamos rezando por el aumento y perseverancia de las vocaciones al ministerio sacerdotal.<\/p>\n<p><strong>Lista de mercader\u00eda<\/strong><\/p>\n<p><img loading=\"lazy\" decoding=\"async\" class=\"wp-image-1675  aligncenter\" src=\"https:\/\/www.obispadorqta.org.ar\/v3\/wp-content\/uploads\/2017\/06\/escanear0001-006-194x300.jpg\" alt=\"\" width=\"507\" height=\"784\" srcset=\"https:\/\/www.obispadorqta.org.ar\/v3\/wp-content\/uploads\/2017\/06\/escanear0001-006-194x300.jpg 194w, https:\/\/www.obispadorqta.org.ar\/v3\/wp-content\/uploads\/2017\/06\/escanear0001-006-768x1186.jpg 768w, https:\/\/www.obispadorqta.org.ar\/v3\/wp-content\/uploads\/2017\/06\/escanear0001-006-663x1024.jpg 663w, https:\/\/www.obispadorqta.org.ar\/v3\/wp-content\/uploads\/2017\/06\/escanear0001-006.jpg 1384w\" sizes=\"auto, (max-width: 507px) 100vw, 507px\" \/><\/p>\n<p>&nbsp;<\/p>\n<p>&nbsp;<\/p>\n<p>&nbsp;<\/p>\n<p>&nbsp;<\/p>\n<p>&nbsp;<\/p>\n","protected":false},"excerpt":{"rendered":"<div class=\"mh-excerpt\"><p>El mes de Junio, como ya es tradici\u00f3n, se lleva a cabo la Campa\u00f1a de Alimentos para el Seminario Interdiocesano \u00abLa Encarnaci\u00f3n\u00bb. Los aportes en <a class=\"mh-excerpt-more\" href=\"https:\/\/www.obispadorqta.org.ar\/v3\/campana-alimentos-seminario-interdiocesano-la-encarnacion\/\" title=\"Campa\u00f1a Alimentos Seminario Interdiocesano \u00abLa Encarnaci\u00f3n\u00bb\">[&#8230;]<\/a><\/p>\n<\/div>","protected":false},"author":3,"featured_media":17,"comment_status":"closed","ping_status":"open","sticky":false,"template":"","format":"standard","meta":{"footnotes":""},"categories":[28],"tags":[],"class_list":["post-1674","post","type-post","status-publish","format-standard","has-post-thumbnail","hentry","category-latest-news"],"_links":{"self":[{"href":"https:\/\/www.obispadorqta.org.ar\/v3\/wp-json\/wp\/v2\/posts\/1674","targetHints":{"allow":["GET"]}}],"collection":[{"href":"https:\/\/www.obispadorqta.org.ar\/v3\/wp-json\/wp\/v2\/posts"}],"about":[{"href":"https:\/\/www.obispadorqta.org.ar\/v3\/wp-json\/wp\/v2\/types\/post"}],"author":[{"embeddable":true,"href":"https:\/\/www.obispadorqta.org.ar\/v3\/wp-json\/wp\/v2\/users\/3"}],"replies":[{"embeddable":true,"href":"https:\/\/www.obispadorqta.org.ar\/v3\/wp-json\/wp\/v2\/comments?post=1674"}],"version-history":[{"count":4,"href":"https:\/\/www.obispadorqta.org.ar\/v3\/wp-json\/wp\/v2\/posts\/1674\/revisions"}],"predecessor-version":[{"id":1679,"href":"https:\/\/www.obispadorqta.org.ar\/v3\/wp-json\/wp\/v2\/posts\/1674\/revisions\/1679"}],"wp:featuredmedia":[{"embeddable":true,"href":"https:\/\/www.obispadorqta.org.ar\/v3\/wp-json\/wp\/v2\/media\/17"}],"wp:attachment":[{"href":"https:\/\/www.obispadorqta.org.ar\/v3\/wp-json\/wp\/v2\/media?parent=1674"}],"wp:term":[{"taxonomy":"category","embeddable":true,"href":"https:\/\/www.obispadorqta.org.ar\/v3\/wp-json\/wp\/v2\/categories?post=1674"},{"taxonomy":"post_tag","embeddable":true,"href":"https:\/\/www.obispadorqta.org.ar\/v3\/wp-json\/wp\/v2\/tags?post=1674"}],"curies":[{"name":"wp","href":"https:\/\/api.w.org\/{rel}","templated":true}]}}