{"id":1688,"date":"2017-06-07T12:57:48","date_gmt":"2017-06-07T12:57:48","guid":{"rendered":"http:\/\/www.obispadorqta.org.ar\/v3\/?p=1688"},"modified":"2017-06-12T14:39:24","modified_gmt":"2017-06-12T14:39:24","slug":"saludo-por-el-dia-del-periodista","status":"publish","type":"post","link":"https:\/\/www.obispadorqta.org.ar\/v3\/saludo-por-el-dia-del-periodista\/","title":{"rendered":"SALUDO POR EL \u00abD\u00cdA DEL PERIODISTA\u00bb"},"content":{"rendered":"<p><span style=\"margin: 0px; font-family: 'Calibri',sans-serif; font-size: 12pt;\"><span style=\"color: #000000;\">Al celebrar hoy el d\u00eda del Periodista, quiero hacer llegar mis m\u00e1s cordiales saludos a quienes trabajan diariamente en el servicio de la comunicaci\u00f3n.<\/span><\/span><\/p>\n<p><span style=\"margin: 0px; font-family: 'Calibri',sans-serif; font-size: 12pt;\"><span style=\"color: #000000;\">Comparto una frase del Papa Francisco, quien escrib\u00eda recientemente a los comunicadores sociales: <em>\u00abMe gustar\u00eda llegar con este mensaje a todos los que, tanto en el \u00e1mbito profesional como en el de las relaciones personales, &#8216;muelen&#8217; cada d\u00eda mucha informaci\u00f3n para ofrecer el pan tierno y bueno a todos los que se alimentan de los frutos de la comunicaci\u00f3n&#8230;\u00bb.<\/em><\/span><\/span><\/p>\n<p><span style=\"margin: 0px; font-family: 'Calibri',sans-serif; font-size: 12pt;\"><span style=\"color: #000000;\">Dios los bendiga, acompa\u00f1e a sus seres queridos y haga fecunda su labor en favor del bien com\u00fan.<\/span><\/span><\/p>\n<p>&nbsp;<\/p>\n<p><span style=\"font-size: 12pt;\"><strong><span style=\"margin: 0px; font-family: 'Calibri',sans-serif;\"><span style=\"color: #000000;\">+ \u00c1ngel Jos\u00e9 Mac\u00edn<\/span><\/span><\/strong><\/span><\/p>\n<p><span style=\"margin: 0px; font-family: 'Calibri',sans-serif; font-size: 12pt;\"><span style=\"color: #000000;\">Obispo de Reconquista<\/span><\/span><\/p>\n<p>&nbsp;<\/p>\n<p>&nbsp;<\/p>\n","protected":false},"excerpt":{"rendered":"<div class=\"mh-excerpt\"><p>Al celebrar hoy el d\u00eda del Periodista, quiero hacer llegar mis m\u00e1s cordiales saludos a quienes trabajan diariamente en el servicio de la comunicaci\u00f3n. Comparto <a class=\"mh-excerpt-more\" href=\"https:\/\/www.obispadorqta.org.ar\/v3\/saludo-por-el-dia-del-periodista\/\" title=\"SALUDO POR EL \u00abD\u00cdA DEL PERIODISTA\u00bb\">[&#8230;]<\/a><\/p>\n<\/div>","protected":false},"author":3,"featured_media":1689,"comment_status":"closed","ping_status":"open","sticky":false,"template":"","format":"standard","meta":{"footnotes":""},"categories":[28],"tags":[],"class_list":["post-1688","post","type-post","status-publish","format-standard","has-post-thumbnail","hentry","category-latest-news"],"_links":{"self":[{"href":"https:\/\/www.obispadorqta.org.ar\/v3\/wp-json\/wp\/v2\/posts\/1688","targetHints":{"allow":["GET"]}}],"collection":[{"href":"https:\/\/www.obispadorqta.org.ar\/v3\/wp-json\/wp\/v2\/posts"}],"about":[{"href":"https:\/\/www.obispadorqta.org.ar\/v3\/wp-json\/wp\/v2\/types\/post"}],"author":[{"embeddable":true,"href":"https:\/\/www.obispadorqta.org.ar\/v3\/wp-json\/wp\/v2\/users\/3"}],"replies":[{"embeddable":true,"href":"https:\/\/www.obispadorqta.org.ar\/v3\/wp-json\/wp\/v2\/comments?post=1688"}],"version-history":[{"count":4,"href":"https:\/\/www.obispadorqta.org.ar\/v3\/wp-json\/wp\/v2\/posts\/1688\/revisions"}],"predecessor-version":[{"id":1693,"href":"https:\/\/www.obispadorqta.org.ar\/v3\/wp-json\/wp\/v2\/posts\/1688\/revisions\/1693"}],"wp:featuredmedia":[{"embeddable":true,"href":"https:\/\/www.obispadorqta.org.ar\/v3\/wp-json\/wp\/v2\/media\/1689"}],"wp:attachment":[{"href":"https:\/\/www.obispadorqta.org.ar\/v3\/wp-json\/wp\/v2\/media?parent=1688"}],"wp:term":[{"taxonomy":"category","embeddable":true,"href":"https:\/\/www.obispadorqta.org.ar\/v3\/wp-json\/wp\/v2\/categories?post=1688"},{"taxonomy":"post_tag","embeddable":true,"href":"https:\/\/www.obispadorqta.org.ar\/v3\/wp-json\/wp\/v2\/tags?post=1688"}],"curies":[{"name":"wp","href":"https:\/\/api.w.org\/{rel}","templated":true}]}}