{"id":1695,"date":"2017-06-07T13:40:08","date_gmt":"2017-06-07T13:40:08","guid":{"rendered":"http:\/\/www.obispadorqta.org.ar\/v3\/?p=1695"},"modified":"2017-06-12T14:38:53","modified_gmt":"2017-06-12T14:38:53","slug":"colecta-anual-de-caritas-5","status":"publish","type":"post","link":"https:\/\/www.obispadorqta.org.ar\/v3\/colecta-anual-de-caritas-5\/","title":{"rendered":"Colecta Anual de C\u00e1ritas"},"content":{"rendered":"<p><span lang=\"es\" style=\"margin: 0px; font-family: 'Calibri',sans-serif; font-size: 12pt;\"><span style=\"color: #000000;\">Este <strong>s\u00e1bado 10 y domingo 11 de junio<\/strong>, se realizar\u00e1 en todo el pa\u00eds la <strong>Colecta Anual de Caritas<\/strong> que este a\u00f1o estar\u00e1 animada por el lema <em>\u201cSi ves en el otro a tu hermano, nadie puede quedar excluido\u201d,<\/em> frase inspirada en una reflexi\u00f3n del Papa Francisco en Quito, Ecuador.<\/span><\/span><\/p>\n<p><span lang=\"es\" style=\"margin: 0px; font-family: 'Calibri',sans-serif; font-size: 12pt;\"><span style=\"color: #000000;\">Con el dinero recaudado C\u00e1ritas sostiene y desarrolla durante todo el a\u00f1o iniciativas relacionadas con micro-emprendimientos productivos y de autoconsumo, capacitaciones laborales, planes de inclusi\u00f3n educativa, formaci\u00f3n de ciudadan\u00eda, centros comunitarios de atenci\u00f3n integral, jardines maternales, entre otras. Tambi\u00e9n permite acompa\u00f1ar las tareas de prevenci\u00f3n y atenci\u00f3n de emergencias clim\u00e1ticas y el trabajo con personas en situaci\u00f3n de calle junto a otras acciones de tipo asistencial, conforme a necesidades y lugares espec\u00edficos.<\/span><\/span><\/p>\n<p><span lang=\"es\" style=\"margin: 0px; font-family: 'Calibri',sans-serif; font-size: 12pt;\"><span style=\"color: #000000;\">En ese d\u00eda, C\u00e1ritas Argentina renueva su compromiso con nuestros hermanos m\u00e1s necesitados e invita a <\/span><\/span><span style=\"margin: 0px; color: black; font-family: 'Calibri',sans-serif; font-size: 12pt;\">toda la sociedad a expresar su solidaridad trav\u00e9s de un gesto concreto que ayuda a transformar efectivamente la vida de muchas familias y comunidades.<\/span><\/p>\n<p>&nbsp;<\/p>\n<p><img loading=\"lazy\" decoding=\"async\" class=\" wp-image-1697 aligncenter\" src=\"https:\/\/www.obispadorqta.org.ar\/v3\/wp-content\/uploads\/2017\/06\/Festival-de-Caritas-300x225.jpg\" alt=\"\" width=\"566\" height=\"424\" srcset=\"https:\/\/www.obispadorqta.org.ar\/v3\/wp-content\/uploads\/2017\/06\/Festival-de-Caritas-300x225.jpg 300w, https:\/\/www.obispadorqta.org.ar\/v3\/wp-content\/uploads\/2017\/06\/Festival-de-Caritas-768x576.jpg 768w, https:\/\/www.obispadorqta.org.ar\/v3\/wp-content\/uploads\/2017\/06\/Festival-de-Caritas-678x509.jpg 678w, https:\/\/www.obispadorqta.org.ar\/v3\/wp-content\/uploads\/2017\/06\/Festival-de-Caritas-326x245.jpg 326w, https:\/\/www.obispadorqta.org.ar\/v3\/wp-content\/uploads\/2017\/06\/Festival-de-Caritas-80x60.jpg 80w, https:\/\/www.obispadorqta.org.ar\/v3\/wp-content\/uploads\/2017\/06\/Festival-de-Caritas.jpg 960w\" sizes=\"auto, (max-width: 566px) 100vw, 566px\" \/><\/p>\n<p align=\"center\">\n<p style=\"text-align: left;\" align=\"center\"><span style=\"margin: 0px; color: black; font-family: 'Alte Haas Grotesk'; font-size: 14pt;\">En el marco de la COLECTA, el domingo 18 de junio de 15 hs a 19 hs se llevar\u00e1 a cabo un Festival Solidario en el Complejo Cultural La Estaci\u00f3n de la ciudad de Reconquista.<\/span><\/p>\n<p style=\"text-align: left;\" align=\"center\"><span style=\"margin: 0px; color: black; font-family: 'Alte Haas Grotesk'; font-size: 14pt;\">El mismo tiene como fin dar a conocer las distintas actividades que realiza C\u00e1ritas en la Di\u00f3cesis.<\/span><\/p>\n<p><span style=\"margin: 0px; color: black; font-family: 'Calibri',sans-serif; font-size: 12pt;\">\u00a0<\/span><\/p>\n<h3><\/h3>\n<p>&nbsp;<\/p>\n<p>&nbsp;<\/p>\n<p>&nbsp;<\/p>\n<p>&nbsp;<\/p>\n<p>&nbsp;<\/p>\n<p>&nbsp;<\/p>\n","protected":false},"excerpt":{"rendered":"<div class=\"mh-excerpt\"><p>Este s\u00e1bado 10 y domingo 11 de junio, se realizar\u00e1 en todo el pa\u00eds la Colecta Anual de Caritas que este a\u00f1o estar\u00e1 animada por <a class=\"mh-excerpt-more\" href=\"https:\/\/www.obispadorqta.org.ar\/v3\/colecta-anual-de-caritas-5\/\" title=\"Colecta Anual de C\u00e1ritas\">[&#8230;]<\/a><\/p>\n<\/div>","protected":false},"author":3,"featured_media":1696,"comment_status":"closed","ping_status":"open","sticky":false,"template":"","format":"standard","meta":{"footnotes":""},"categories":[28],"tags":[],"class_list":["post-1695","post","type-post","status-publish","format-standard","has-post-thumbnail","hentry","category-latest-news"],"_links":{"self":[{"href":"https:\/\/www.obispadorqta.org.ar\/v3\/wp-json\/wp\/v2\/posts\/1695","targetHints":{"allow":["GET"]}}],"collection":[{"href":"https:\/\/www.obispadorqta.org.ar\/v3\/wp-json\/wp\/v2\/posts"}],"about":[{"href":"https:\/\/www.obispadorqta.org.ar\/v3\/wp-json\/wp\/v2\/types\/post"}],"author":[{"embeddable":true,"href":"https:\/\/www.obispadorqta.org.ar\/v3\/wp-json\/wp\/v2\/users\/3"}],"replies":[{"embeddable":true,"href":"https:\/\/www.obispadorqta.org.ar\/v3\/wp-json\/wp\/v2\/comments?post=1695"}],"version-history":[{"count":7,"href":"https:\/\/www.obispadorqta.org.ar\/v3\/wp-json\/wp\/v2\/posts\/1695\/revisions"}],"predecessor-version":[{"id":1706,"href":"https:\/\/www.obispadorqta.org.ar\/v3\/wp-json\/wp\/v2\/posts\/1695\/revisions\/1706"}],"wp:featuredmedia":[{"embeddable":true,"href":"https:\/\/www.obispadorqta.org.ar\/v3\/wp-json\/wp\/v2\/media\/1696"}],"wp:attachment":[{"href":"https:\/\/www.obispadorqta.org.ar\/v3\/wp-json\/wp\/v2\/media?parent=1695"}],"wp:term":[{"taxonomy":"category","embeddable":true,"href":"https:\/\/www.obispadorqta.org.ar\/v3\/wp-json\/wp\/v2\/categories?post=1695"},{"taxonomy":"post_tag","embeddable":true,"href":"https:\/\/www.obispadorqta.org.ar\/v3\/wp-json\/wp\/v2\/tags?post=1695"}],"curies":[{"name":"wp","href":"https:\/\/api.w.org\/{rel}","templated":true}]}}