{"id":1707,"date":"2017-06-12T14:27:19","date_gmt":"2017-06-12T14:27:19","guid":{"rendered":"http:\/\/www.obispadorqta.org.ar\/v3\/?p=1707"},"modified":"2017-06-12T14:30:46","modified_gmt":"2017-06-12T14:30:46","slug":"ordenacion-sacerdotal-diacono-marcial-grageda-p-s-d-p","status":"publish","type":"post","link":"https:\/\/www.obispadorqta.org.ar\/v3\/ordenacion-sacerdotal-diacono-marcial-grageda-p-s-d-p\/","title":{"rendered":"Ordenaci\u00f3n Sacerdotal Di\u00e1cono Marcial Grageda P.S.D.P."},"content":{"rendered":"<p style=\"text-align: justify;\">Por la imposici\u00f3n de manos y la oraci\u00f3n consecratoria de nuestro Obispo Diocesano, Mons. \u00c1ngel Jos\u00e9 Mac\u00edn se consagrar\u00e1 Sacerdote al Di\u00e1cono Marcial Grageda p.s.d.p. La celebraci\u00f3n se llevar\u00e1 a cabo el d\u00eda 17 de junio en la parroquia \u00abSan Jos\u00e9\u00bb (camino al puerto Reconquista), a las 17:00 hs.<\/p>\n<p style=\"text-align: justify;\">Invitamos a todos a participar de este evento que nos llena de alegr\u00eda y nos unimos en oraci\u00f3n por los frutos del ministerio del Diacono Marcial Grageda.<\/p>\n","protected":false},"excerpt":{"rendered":"<div class=\"mh-excerpt\"><p>Por la imposici\u00f3n de manos y la oraci\u00f3n consecratoria de nuestro Obispo Diocesano, Mons. \u00c1ngel Jos\u00e9 Mac\u00edn se consagrar\u00e1 Sacerdote al Di\u00e1cono Marcial Grageda p.s.d.p. <a class=\"mh-excerpt-more\" href=\"https:\/\/www.obispadorqta.org.ar\/v3\/ordenacion-sacerdotal-diacono-marcial-grageda-p-s-d-p\/\" title=\"Ordenaci\u00f3n Sacerdotal Di\u00e1cono Marcial Grageda P.S.D.P.\">[&#8230;]<\/a><\/p>\n<\/div>","protected":false},"author":2,"featured_media":1710,"comment_status":"closed","ping_status":"open","sticky":false,"template":"","format":"standard","meta":{"footnotes":""},"categories":[28],"tags":[],"class_list":["post-1707","post","type-post","status-publish","format-standard","has-post-thumbnail","hentry","category-latest-news"],"_links":{"self":[{"href":"https:\/\/www.obispadorqta.org.ar\/v3\/wp-json\/wp\/v2\/posts\/1707","targetHints":{"allow":["GET"]}}],"collection":[{"href":"https:\/\/www.obispadorqta.org.ar\/v3\/wp-json\/wp\/v2\/posts"}],"about":[{"href":"https:\/\/www.obispadorqta.org.ar\/v3\/wp-json\/wp\/v2\/types\/post"}],"author":[{"embeddable":true,"href":"https:\/\/www.obispadorqta.org.ar\/v3\/wp-json\/wp\/v2\/users\/2"}],"replies":[{"embeddable":true,"href":"https:\/\/www.obispadorqta.org.ar\/v3\/wp-json\/wp\/v2\/comments?post=1707"}],"version-history":[{"count":1,"href":"https:\/\/www.obispadorqta.org.ar\/v3\/wp-json\/wp\/v2\/posts\/1707\/revisions"}],"predecessor-version":[{"id":1709,"href":"https:\/\/www.obispadorqta.org.ar\/v3\/wp-json\/wp\/v2\/posts\/1707\/revisions\/1709"}],"wp:featuredmedia":[{"embeddable":true,"href":"https:\/\/www.obispadorqta.org.ar\/v3\/wp-json\/wp\/v2\/media\/1710"}],"wp:attachment":[{"href":"https:\/\/www.obispadorqta.org.ar\/v3\/wp-json\/wp\/v2\/media?parent=1707"}],"wp:term":[{"taxonomy":"category","embeddable":true,"href":"https:\/\/www.obispadorqta.org.ar\/v3\/wp-json\/wp\/v2\/categories?post=1707"},{"taxonomy":"post_tag","embeddable":true,"href":"https:\/\/www.obispadorqta.org.ar\/v3\/wp-json\/wp\/v2\/tags?post=1707"}],"curies":[{"name":"wp","href":"https:\/\/api.w.org\/{rel}","templated":true}]}}