{"id":171,"date":"2009-08-31T13:34:27","date_gmt":"2009-08-31T13:34:27","guid":{"rendered":"http:\/\/www.obispadorqta.org.ar\/v3\/ii-encuentro-de-la-pastoral-penitenciaria-del-cono-sur\/"},"modified":"2009-08-31T13:34:27","modified_gmt":"2009-08-31T13:34:27","slug":"ii-encuentro-de-la-pastoral-penitenciaria-del-cono-sur","status":"publish","type":"post","link":"https:\/\/www.obispadorqta.org.ar\/v3\/ii-encuentro-de-la-pastoral-penitenciaria-del-cono-sur\/","title":{"rendered":"II Encuentro de la Pastoral Penitenciaria del Cono Sur"},"content":{"rendered":"<div align=\"center\"><strong><em><span style=\"font-size: 11pt; font-family: Tahoma\">Disc\u00edpulos Misioneros por el Sue\u00f1o de Dios\u201d<\/span><\/em><\/strong><\/div>\n<p style=\"text-align: justify\" class=\"MsoNormal\"><span style=\"font-size: 10pt; font-family: Tahoma\">En la ciudad de Luque (Paraguay) se realiz\u00f3 el <\/span><span style=\"font-size: 10pt; font-family: Tahoma; color: black\">Encuentro Internacional de la Pastoral Penitenciara<\/span><span style=\"font-size: 10pt; font-family: Tahoma\">, del 19 al 23 de agosto, organizado por la <span style=\"color: black\">Asociaci\u00f3n<\/span><span style=\"color: black\"> de Juristas Cat\u00f3licos Latinoamericanos y del Caribe y el Ampliado de la Pastoral Penitenciaria del Cono Sur, en Asunci\u00f3n, Paraguay. <\/span><\/span><\/p>\n<p style=\"text-align: justify\" class=\"MsoNormal\"><span style=\"font-size: 10pt; font-family: Tahoma; color: black\">De la misma participaron representantes de Brasil, Argentina, Chile, Uruguay y Paraguay. Entre ellos, estuvo el <em><span style=\"font-family: Tahoma\">presb\u00edtero Miguel Zorz\u00f3n<\/span><\/em>, cura p\u00e1rroco de Villa Ocampo, Asesor de la Pastoral  Penitenciaria de nuestra Di\u00f3cesis y miembro del Secretariado Nacional de Pastoral Penitenciaria. <\/span><\/p>\n<p style=\"text-align: justify\" class=\"MsoNormal\"><span style=\"font-size: 10pt; font-family: Tahoma; color: black\">A continuaci\u00f3n la Declaraci\u00f3n del II <\/span><span style=\"font-size: 10pt; font-family: Tahoma\">encuentro de la  Pastoral Penitenciaria del Cono Sur<\/span> <\/p>\n<p style=\"text-align: justify\" class=\"MsoNormal\"><!--[if !mso]> \n\n<style> v\\:* {behavior:url(#default#VML);} o\\:* {behavior:url(#default#VML);} w\\:* {behavior:url(#default#VML);} .shape {behavior:url(#default#VML);} <\/style>\n\n <![endif]--><!--[if gte mso 9]><xml>  <w:WordDocument>   <w:View>Normal<\/w:View>   <w:Zoom>0<\/w:Zoom>   <w:HyphenationZone>21<\/w:HyphenationZone>   <w:PunctuationKerning\/>   <w:ValidateAgainstSchemas\/>   <w:SaveIfXMLInvalid>false<\/w:SaveIfXMLInvalid>   <w:IgnoreMixedContent>false<\/w:IgnoreMixedContent>   <w:AlwaysShowPlaceholderText>false<\/w:AlwaysShowPlaceholderText>   <w:Compatibility>    <w:BreakWrappedTables\/>    <w:SnapToGridInCell\/>    <w:WrapTextWithPunct\/>    <w:UseAsianBreakRules\/>    <w:DontGrowAutofit\/>   <\/w:Compatibility>   <w:BrowserLevel>MicrosoftInternetExplorer4<\/w:BrowserLevel>  <\/w:WordDocument> <\/xml><![endif]--><!--[if gte mso 9]><xml>  <w:LatentStyles DefLockedState=\"false\" LatentStyleCount=\"156\">  <\/w:LatentStyles> <\/xml><![endif]--> <!--  \/* Style Definitions *\/  p.MsoNormal, li.MsoNormal, div.MsoNormal \t{mso-style-parent:\"\"; \tmargin:0cm; \tmargin-bottom:.0001pt; \tmso-pagination:widow-orphan; \tfont-size:12.0pt; \tfont-family:\"Times New Roman\"; \tmso-fareast-font-family:\"Times New Roman\";} p.MsoBodyText, li.MsoBodyText, div.MsoBodyText \t{margin:0cm; \tmargin-bottom:.0001pt; \ttext-align:justify; \tline-height:150%; \tmso-pagination:widow-orphan; \tfont-size:12.0pt; \tfont-family:\"Times New Roman\"; \tmso-fareast-font-family:\"Times New Roman\";} @page Section1 \t{size:612.0pt 792.0pt; \tmargin:27.0pt 3.0cm 53.9pt 3.0cm; \tmso-header-margin:35.4pt; \tmso-footer-margin:35.4pt; \tmso-paper-source:0;} div.Section1 \t{page:Section1;} @page Section2 \t{size:612.0pt 792.0pt; \tmargin:27.0pt 3.0cm 53.9pt 117.0pt; \tmso-header-margin:35.4pt; \tmso-footer-margin:35.4pt; \tmso-columns:2 not-even 187.25pt 35.4pt 187.25pt; \tmso-paper-source:0;} div.Section2 \t{page:Section2;} @page Section3 \t{size:612.0pt 792.0pt; \tmargin:27.0pt 72.0pt 53.9pt 117.0pt; \tmso-header-margin:35.4pt; \tmso-footer-margin:35.4pt; \tmso-columns:3 not-even 113.05pt 35.4pt 113.05pt 35.4pt 126.1pt; \tmso-paper-source:0;} div.Section3 \t{page:Section3;} @page Section4 \t{size:612.0pt 792.0pt; \tmargin:27.0pt 81.0pt 53.9pt 3.0cm; \tmso-header-margin:35.4pt; \tmso-footer-margin:35.4pt; \tmso-paper-source:0;} div.Section4 \t{page:Section4;} @page Section5 \t{size:612.0pt 792.0pt; \tmargin:27.0pt 81.0pt 53.9pt 3.0cm; \tmso-header-margin:35.4pt; \tmso-footer-margin:35.4pt; \tmso-paper-source:0;} div.Section5 \t{page:Section5;} --> <!--[if gte mso 10]> \n\n<style>  \/* Style Definitions *\/  table.MsoNormalTable \t{mso-style-name:\"Tabla normal\"; \tmso-tstyle-rowband-size:0; \tmso-tstyle-colband-size:0; \tmso-style-noshow:yes; \tmso-style-parent:\"\"; \tmso-padding-alt:0cm 5.4pt 0cm 5.4pt; \tmso-para-margin:0cm; \tmso-para-margin-bottom:.0001pt; \tmso-pagination:widow-orphan; \tfont-size:10.0pt; \tfont-family:\"Times New Roman\"; \tmso-ansi-language:#0400; \tmso-fareast-language:#0400; \tmso-bidi-language:#0400;} <\/style>\n\n <![endif]-->  <\/p>\n<div class=\"Section1\">\n<p style=\"text-indent: 35.4pt\" class=\"MsoBodyText\">Nosotros, integrantes de la pastoral penitenciaria del Cono Sur reunidos en<span>\u00a0 <\/span>su II encuentro en la ciudad de Luque, Rep\u00fablica del Paraguay, del 19 al 23 de agosto de 2009,<span>\u00a0 <\/span>reafirmamos en consonancia con la declaraci\u00f3n final del encuentro latinoamericano y del Caribe de Santo Domingo, que <em>el sue\u00f1o de Dios es el nuestro: un continente sin c\u00e1rceles<\/em>. Sabemos que esto no es f\u00e1cil, que primero debe darse con profundidad un cambio del modelo social en nuestros pa\u00edses de tal modo que no haya excluidos ni hermanos considerados descartables con los cuales se llenan hoy las prisiones.<\/p>\n<p style=\"text-indent: 35.4pt\" class=\"MsoBodyText\">Durante los d\u00edas de encuentro contamos con la presencia del Pbro. Enrique Quiroga Civera, Secretario Ejecutivo del Departamento de Justicia y Solidaridad del Consejo Episcopal Latinoamericano (CELAM).<\/p>\n<p style=\"text-align: justify; text-indent: 35.4pt; line-height: 150%\" class=\"MsoNormal\"><span>Se comenz\u00f3 con el III Encuentro de Juristas cat\u00f3licos regional (JUCALAyC), bajo el lema <em>\u201cSer disc\u00edpulo-misionero-profesional desde el Documento de Aparecida\u201d. <\/em>Los abogados de los cinco pa\u00edses del Cono Sur, acompa\u00f1ados por otros profesionales, reflexionaron sobre el compromiso del disc\u00edpulo misionero profesional en el mundo de la carcelaci\u00f3n.<\/span><\/p>\n<p style=\"margin-top: 6pt; text-align: justify; text-indent: 35.4pt; line-height: 150%\" class=\"MsoNormal\"><span>Nos planteamos como desaf\u00edo <\/span>incidir<strong> <\/strong><span>en las Pol\u00edticas P\u00fablicas<\/span> en temas como salud, educaci\u00f3n, trabajo, vivienda y seguridad, dirigidas a la poblaci\u00f3n m\u00e1s vulnerable con la cual tenemos una deuda social.<strong> <\/strong>A la vez, queremos luchar prof\u00e9ticamente por la superaci\u00f3n de las divisiones sociales y la exclusi\u00f3n, mediante el respeto a los derechos humanos, erradicando la tortura, el exterminio y otros tratos crueles, inhumanos y degradantes que sistem\u00e1ticamente se viven en las c\u00e1rceles de nuestros pa\u00edses; por eso no declinamos en nuestra labor a favor de la humanizaci\u00f3n del sistema carcelario mientras \u00e9l exista.<\/p>\n<p style=\"margin-top: 6pt; text-align: justify; line-height: 150%\" class=\"MsoNormal\">Vemos con claridad que necesitamos de una mayor y profunda formaci\u00f3n de los agentes pastorales que trabajan en el mundo de la carcelaci\u00f3n, que, insistimos una vez m\u00e1s, no s\u00f3lo es la realidad de los encarcelados, sino tambi\u00e9n de sus familias, los grupos vulnerables de la sociedad, el personal de seguridad, los profesionales, los pos carcelados.<\/p>\n<p style=\"margin-top: 6pt; text-indent: 35.4pt\" class=\"MsoBodyText\">Tambi\u00e9n nos planteamos como desaf\u00edo promover en la formaci\u00f3n de los universitarios y los seminaristas el compromiso con la realidad de las c\u00e1rceles, aportando una mirada desde el Evangelio, ley superior a todas las dem\u00e1s que no dejan de ser obra de los hombres en un momento hist\u00f3rico determinado.<\/p>\n<p style=\"margin-top: 6pt; text-indent: 35.4pt\" class=\"MsoBodyText\">Entre nosotros nos comprometemos a extendernos la mano, a trabajar en conjunto, a hacer nuestros los problemas y sue\u00f1os de la pastoral carcelaria de cada uno de nuestros pa\u00edses. <\/p>\n<p style=\"margin-top: 6pt; text-indent: 35.4pt\" class=\"MsoBodyText\">Solos es imposible, pero unidos y con la gracia de Dios toda utop\u00eda se puede concretar, por eso no vamos a desistir, vamos a trabajar con alegr\u00eda y valent\u00eda, con audacia y creatividad en la misi\u00f3n de vivir el Evangelio en el mundo de la carcelaci\u00f3n.<\/p>\n<p style=\"margin-top: 6pt; text-indent: 35.4pt\" class=\"MsoBodyText\">Pedimos la intercesi\u00f3n de Mar\u00eda, Nuestra Se\u00f1ora de la Asunci\u00f3n, que nos educa en un estilo de vida compartida y solidaria, en atenci\u00f3n y acogida de los m\u00e1s pobres entre los pobres, nuestros hermanos encarcelados, <em>(Cfr. Aparecida 272)<\/em><\/p>\n<p style=\"margin-top: 6pt; text-align: right; text-indent: 35.4pt\" class=\"MsoBodyText\" align=\"right\">Luque, Paraguay, 23 de agosto de 2009<\/p>\n<p style=\"margin-top: 6pt; text-indent: 35.4pt\" class=\"MsoBodyText\"><span style=\"font-size: 10pt; line-height: 150%\">En representaci\u00f3n:<\/span><\/p>\n<p style=\"margin-top: 6pt\" class=\"MsoBodyText\"><!--[if gte mso 9]><xml>  <w:WordDocument>   <w:View>Normal<\/w:View>   <w:Zoom>0<\/w:Zoom>   <w:HyphenationZone>21<\/w:HyphenationZone>   <w:PunctuationKerning\/>   <w:ValidateAgainstSchemas\/>   <w:SaveIfXMLInvalid>false<\/w:SaveIfXMLInvalid>   <w:IgnoreMixedContent>false<\/w:IgnoreMixedContent>   <w:AlwaysShowPlaceholderText>false<\/w:AlwaysShowPlaceholderText>   <w:Compatibility>    <w:BreakWrappedTables\/>    <w:SnapToGridInCell\/>    <w:WrapTextWithPunct\/>    <w:UseAsianBreakRules\/>    <w:DontGrowAutofit\/>   <\/w:Compatibility>   <w:BrowserLevel>MicrosoftInternetExplorer4<\/w:BrowserLevel>  <\/w:WordDocument> <\/xml><![endif]--><!--[if gte mso 9]><xml>  <w:LatentStyles DefLockedState=\"false\" LatentStyleCount=\"156\">  <\/w:LatentStyles> <\/xml><![endif]--> <!--  \/* Style Definitions *\/  p.MsoNormal, li.MsoNormal, div.MsoNormal \t{mso-style-parent:\"\"; \tmargin:0cm; \tmargin-bottom:.0001pt; \tmso-pagination:widow-orphan; \tfont-size:12.0pt; \tfont-family:\"Times New Roman\"; \tmso-fareast-font-family:\"Times New Roman\";} p.MsoBodyText, li.MsoBodyText, div.MsoBodyText \t{margin:0cm; \tmargin-bottom:.0001pt; \ttext-align:justify; \tline-height:150%; \tmso-pagination:widow-orphan; \tfont-size:12.0pt; \tfont-family:\"Times New Roman\"; \tmso-fareast-font-family:\"Times New Roman\";} @page Section1 \t{size:612.0pt 792.0pt; \tmargin:27.0pt 3.0cm 53.9pt 117.0pt; \tmso-header-margin:35.4pt; \tmso-footer-margin:35.4pt; \tmso-columns:2 not-even 187.25pt 35.4pt 187.25pt; \tmso-paper-source:0;} div.Section1 \t{page:Section1;} @page Section2 \t{size:612.0pt 792.0pt; \tmargin:27.0pt 72.0pt 53.9pt 117.0pt; \tmso-header-margin:35.4pt; \tmso-footer-margin:35.4pt; \tmso-columns:3 not-even 113.05pt 35.4pt 113.05pt 35.4pt 126.1pt; \tmso-paper-source:0;} div.Section2 \t{page:Section2;} @page Section3 \t{size:612.0pt 792.0pt; \tmargin:27.0pt 81.0pt 53.9pt 3.0cm; \tmso-header-margin:35.4pt; \tmso-footer-margin:35.4pt; \tmso-paper-source:0;} div.Section3 \t{page:Section3;} @page Section4 \t{size:612.0pt 792.0pt; \tmargin:27.0pt 81.0pt 53.9pt 3.0cm; \tmso-header-margin:35.4pt; \tmso-footer-margin:35.4pt; \tmso-paper-source:0;} div.Section4 \t{page:Section4;} --> <!--[if gte mso 10]> \n\n<style>  \/* Style Definitions *\/  table.MsoNormalTable \t{mso-style-name:\"Tabla normal\"; \tmso-tstyle-rowband-size:0; \tmso-tstyle-colband-size:0; \tmso-style-noshow:yes; \tmso-style-parent:\"\"; \tmso-padding-alt:0cm 5.4pt 0cm 5.4pt; \tmso-para-margin:0cm; \tmso-para-margin-bottom:.0001pt; \tmso-pagination:widow-orphan; \tfont-size:10.0pt; \tfont-family:\"Times New Roman\"; \tmso-ansi-language:#0400; \tmso-fareast-language:#0400; \tmso-bidi-language:#0400;} <\/style>\n\n <![endif]-->  <\/p>\n<div class=\"Section1\">\n<p style=\"text-align: center\" class=\"MsoBodyText\" align=\"center\"><em><span style=\"font-size: 8pt; line-height: 150%\">P. Javier Ladr\u00f3n de Guevara<\/span><\/em><\/p>\n<p style=\"text-align: center\" class=\"MsoBodyText\" align=\"center\"><em><span style=\"font-size: 8pt; line-height: 150%\">Coordinador ARGENTINA<\/span><\/em><\/p>\n<p style=\"text-align: center\" class=\"MsoBodyText\" align=\"center\"><em><span style=\"font-size: 8pt; line-height: 150%\">P. Gunther Zgubic<\/span><\/em><\/p>\n<p style=\"text-align: center\" class=\"MsoBodyText\" align=\"center\"><em><span style=\"font-size: 8pt; line-height: 150%\">Coordinador BRASIL<\/span><\/em><\/p>\n<p style=\"text-align: center\" class=\"MsoBodyText\" align=\"center\">&nbsp;<\/p>\n<\/p><\/div>\n<div class=\"Section2\">\n<p style=\"text-align: center\" class=\"MsoBodyText\" align=\"center\"><em><span style=\"font-size: 8pt; line-height: 150%\">Fr. Jaime Roberto Nawrath R\u00edos Coordinador CHILE<\/span><\/em><\/p>\n<p style=\"text-align: center\" class=\"MsoBodyText\" align=\"center\"><em><span style=\"font-size: 8pt; line-height: 150%\">\u00a0<\/span><\/em><\/p>\n<p style=\"text-align: center\" class=\"MsoBodyText\" align=\"center\"><em><span style=\"font-size: 8pt; line-height: 150%\">P. Lu\u00eds Arias Castillo Coordinador PARAGUAY<\/span><\/em><\/p>\n<p style=\"text-align: center; text-indent: 35.45pt\" class=\"MsoBodyText\" align=\"center\"><em><span style=\"font-size: 8pt; line-height: 150%\">\u00a0<\/span><\/em><\/p>\n<p style=\"text-align: center; text-indent: 35.45pt\" class=\"MsoBodyText\" align=\"center\"><em><span style=\"font-size: 8pt; line-height: 150%\">Fernando Leguizam\u00f3n<\/span><\/em><\/p>\n<p style=\"text-align: center; text-indent: 35.45pt\" class=\"MsoBodyText\" align=\"center\"><em><span style=\"font-size: 8pt; line-height: 150%\">Coordinador URUGUAY<\/span><\/em><\/p>\n<\/p><\/div>\n<div class=\"Section3\">\n<p style=\"text-align: center; text-indent: 35.45pt\" class=\"MsoBodyText\" align=\"center\"><em><span style=\"font-size: 8pt; line-height: 150%\">\u00a0<\/span><\/em><\/p>\n<p style=\"margin-left: 27pt; text-align: center\" class=\"MsoBodyText\" align=\"center\"><em><span style=\"font-size: 8pt; line-height: 150%\">Pbro. Enrique Quiroga Civera<\/span><\/em><\/p>\n<p style=\"margin-left: 27pt; text-align: center\" class=\"MsoBodyText\" align=\"center\"><em><span style=\"font-size: 8pt; line-height: 150%\">Secretario Ejecutivo<\/span><\/em><\/p>\n<\/p><\/div>\n<p>  <em><span style=\"font-size: 8pt; line-height: 150%; font-family: 'Times New Roman'\"><br \/> <\/span><\/em>  <\/p>\n<p style=\"margin-left: 27pt; text-align: center\" class=\"MsoBodyText\" align=\"center\"><em><span style=\"font-size: 8pt; line-height: 150%\">Departamento de Justicia y Solidaridad-CELAM<\/span><\/em><\/p>\n<p>&nbsp;<\/p>\n<\/div>\n<p>&nbsp;<\/p>\n","protected":false},"excerpt":{"rendered":"<div class=\"mh-excerpt\"><div align=\"center\"><strong><em><span style=\"font-size: 11pt; font-family: Tahoma\">Disc\u00edpulos Misioneros por el Sue\u00f1o de Dios\u201d<\/span><\/em><\/strong><\/div>\n<p style=\"text-align: justify\" class=\"MsoNormal\"><span style=\"font-size: 10pt; font-family: Tahoma\">En la ciudad de Luque (Paraguay) se realiz\u00f3 el <\/span><span style=\"font-size: 10pt; font-family: Tahoma; color: black\">Encuentro Internacional de la Pastoral Penitenciara<\/span><span style=\"font-size: 10pt; font-family: Tahoma\">, del 19 al 23 de agosto, organizado por la <span style=\"color: black\">Asociaci\u00f3n<\/span><span style=\"color: black\"> de Juristas Cat\u00f3licos Latinoamericanos y del Caribe y el Ampliado de la Pastoral Penitenciaria del Cono Sur, en Asunci\u00f3n, Paraguay. <\/span><\/span><\/p>\n<p style=\"text-align: justify\" class=\"MsoNormal\"><span style=\"font-size: 10pt; font-family: Tahoma; color: black\">De la misma participaron representantes de Brasil, Argentina, Chile, Uruguay y Paraguay. Entre ellos, estuvo el <em><span style=\"font-family: Tahoma\">presb\u00edtero Miguel Zorz\u00f3n<\/span><\/em>, cura p\u00e1rroco de Villa Ocampo, Asesor de la Pastoral  Penitenciaria de nuestra Di\u00f3cesis y miembro del Secretariado Nacional de Pastoral Penitenciaria. <\/span><\/p>\n<p style=\"text-align: justify\" class=\"MsoNormal\"><span style=\"font-size: 10pt; font-family: Tahoma; color: black\">A continuaci\u00f3n la Declaraci\u00f3n del II <\/span><span style=\"font-size: 10pt; font-family: Tahoma\">encuentro de la  Pastoral Penitenciaria del Cono Sur<\/span> <\/p>\n<\/div>","protected":false},"author":1,"featured_media":0,"comment_status":"open","ping_status":"open","sticky":false,"template":"","format":"standard","meta":{"footnotes":""},"categories":[28],"tags":[],"class_list":["post-171","post","type-post","status-publish","format-standard","hentry","category-latest-news"],"_links":{"self":[{"href":"https:\/\/www.obispadorqta.org.ar\/v3\/wp-json\/wp\/v2\/posts\/171","targetHints":{"allow":["GET"]}}],"collection":[{"href":"https:\/\/www.obispadorqta.org.ar\/v3\/wp-json\/wp\/v2\/posts"}],"about":[{"href":"https:\/\/www.obispadorqta.org.ar\/v3\/wp-json\/wp\/v2\/types\/post"}],"author":[{"embeddable":true,"href":"https:\/\/www.obispadorqta.org.ar\/v3\/wp-json\/wp\/v2\/users\/1"}],"replies":[{"embeddable":true,"href":"https:\/\/www.obispadorqta.org.ar\/v3\/wp-json\/wp\/v2\/comments?post=171"}],"version-history":[{"count":0,"href":"https:\/\/www.obispadorqta.org.ar\/v3\/wp-json\/wp\/v2\/posts\/171\/revisions"}],"wp:attachment":[{"href":"https:\/\/www.obispadorqta.org.ar\/v3\/wp-json\/wp\/v2\/media?parent=171"}],"wp:term":[{"taxonomy":"category","embeddable":true,"href":"https:\/\/www.obispadorqta.org.ar\/v3\/wp-json\/wp\/v2\/categories?post=171"},{"taxonomy":"post_tag","embeddable":true,"href":"https:\/\/www.obispadorqta.org.ar\/v3\/wp-json\/wp\/v2\/tags?post=171"}],"curies":[{"name":"wp","href":"https:\/\/api.w.org\/{rel}","templated":true}]}}