{"id":172,"date":"2009-08-31T14:52:30","date_gmt":"2009-08-31T14:52:30","guid":{"rendered":"http:\/\/www.obispadorqta.org.ar\/v3\/papa-en-familia-maduran-las-vocaciones-al-sacerdocio\/"},"modified":"2009-08-31T14:52:30","modified_gmt":"2009-08-31T14:52:30","slug":"papa-en-familia-maduran-las-vocaciones-al-sacerdocio","status":"publish","type":"post","link":"https:\/\/www.obispadorqta.org.ar\/v3\/papa-en-familia-maduran-las-vocaciones-al-sacerdocio\/","title":{"rendered":"Papa: En familia maduran las vocaciones al Sacerdocio"},"content":{"rendered":"<p>{youtube}wyILSBGlhN0{\/youtube}  Cuando el matrimonio se dedica generosamente a la educaci\u00f3n de los hijos, guiando y orient\u00e1ndoles hacia el descubrimiento del dise\u00f1o de amor de Dios, preparan ese f\u00e9rtil terreno espiritual donde maduran las vocaciones al sacerdocio y a la vida consagrada. \u00c9sta es la reflexi\u00f3n ofrecida hoy por Benedicto XVI durante el \u00c1ngelus. Las palabras del Papa se han inspirado en el ejemplo de santa M\u00f3nica, de quien se ha celebrado esta semana su memoria lit\u00fargica. Modelo y patrona de las madres cristianas, santa M\u00f3nica rez\u00f3 sin descanso para la salvaci\u00f3n espiritual de su hijo, san Agust\u00edn.<\/p>\n","protected":false},"excerpt":{"rendered":"<div class=\"mh-excerpt\"><p>{youtube}wyILSBGlhN0{\/youtube} Cuando el matrimonio se dedica generosamente a la educaci\u00f3n de los hijos, guiando y orient\u00e1ndoles hacia el descubrimiento del dise\u00f1o de amor de Dios, <a class=\"mh-excerpt-more\" href=\"https:\/\/www.obispadorqta.org.ar\/v3\/papa-en-familia-maduran-las-vocaciones-al-sacerdocio\/\" title=\"Papa: En familia maduran las vocaciones al Sacerdocio\">[&#8230;]<\/a><\/p>\n<\/div>","protected":false},"author":1,"featured_media":0,"comment_status":"open","ping_status":"open","sticky":false,"template":"","format":"standard","meta":{"footnotes":""},"categories":[28],"tags":[],"class_list":["post-172","post","type-post","status-publish","format-standard","hentry","category-latest-news"],"_links":{"self":[{"href":"https:\/\/www.obispadorqta.org.ar\/v3\/wp-json\/wp\/v2\/posts\/172","targetHints":{"allow":["GET"]}}],"collection":[{"href":"https:\/\/www.obispadorqta.org.ar\/v3\/wp-json\/wp\/v2\/posts"}],"about":[{"href":"https:\/\/www.obispadorqta.org.ar\/v3\/wp-json\/wp\/v2\/types\/post"}],"author":[{"embeddable":true,"href":"https:\/\/www.obispadorqta.org.ar\/v3\/wp-json\/wp\/v2\/users\/1"}],"replies":[{"embeddable":true,"href":"https:\/\/www.obispadorqta.org.ar\/v3\/wp-json\/wp\/v2\/comments?post=172"}],"version-history":[{"count":0,"href":"https:\/\/www.obispadorqta.org.ar\/v3\/wp-json\/wp\/v2\/posts\/172\/revisions"}],"wp:attachment":[{"href":"https:\/\/www.obispadorqta.org.ar\/v3\/wp-json\/wp\/v2\/media?parent=172"}],"wp:term":[{"taxonomy":"category","embeddable":true,"href":"https:\/\/www.obispadorqta.org.ar\/v3\/wp-json\/wp\/v2\/categories?post=172"},{"taxonomy":"post_tag","embeddable":true,"href":"https:\/\/www.obispadorqta.org.ar\/v3\/wp-json\/wp\/v2\/tags?post=172"}],"curies":[{"name":"wp","href":"https:\/\/api.w.org\/{rel}","templated":true}]}}