{"id":1723,"date":"2017-06-14T14:04:53","date_gmt":"2017-06-14T14:04:53","guid":{"rendered":"http:\/\/www.obispadorqta.org.ar\/v3\/?p=1723"},"modified":"2017-06-23T00:27:33","modified_gmt":"2017-06-23T00:27:33","slug":"caminata-caritas-argentina","status":"publish","type":"post","link":"https:\/\/www.obispadorqta.org.ar\/v3\/caminata-caritas-argentina\/","title":{"rendered":"Caminata C\u00e1ritas Argentina"},"content":{"rendered":"<p style=\"text-align: center;\"><span style=\"color: #000080;\"><em><strong>Mar\u00eda camina con nosotros<\/strong><\/em><\/span><\/p>\n<p><span style=\"color: #000000;\">La imagen de Nuestra Se\u00f1ora de Luj\u00e1n bendecida por el Papa Francisco comenz\u00f3 su recorrida por el pa\u00eds desde la Regi\u00f3n NEA. Del el 22 de mayo hasta fines del mes de junio visitar\u00e1 las 10 di\u00f3cesis que conforman la regi\u00f3n.<\/span><\/p>\n<p><span style=\"color: #000000;\"><strong>El paso de la Virgen Peregrina por nuestra di\u00f3cesis\u00a0ser\u00e1 desde el 16 al 22 de junio.\u00a0<\/strong><\/span><br \/>\n<span style=\"color: #000000;\"> Ella se hace cercana a nosotros: nos alegra profundamente y nos invita a re-significar la espiritualidad que nos anima. Ella nos alienta a ponernos en camino para contemplar a los hermanos y descubrir signos que orienten nuestra misi\u00f3n en fidelidad al proyecto del Reino.<\/span><\/p>\n<p>&nbsp;<\/p>\n<p><strong><span style=\"color: #000000;\">CRONOGRAMA DE ACTIVIDADES EN NUESTRA DIOCESIS <\/span><\/strong><\/p>\n<p><span style=\"color: #000000;\"><strong>VIERNES 16-06<\/strong><\/span><\/p>\n<ul>\n<li><span style=\"color: #000000;\">10:00 hs: Llegada y bienvenida en el puerto.<\/span><\/li>\n<li><span style=\"color: #000000;\">17:00 hs: Celebraci\u00f3n Comunidad Abor\u00edgen (La Lola)<\/span><\/li>\n<\/ul>\n<p><span style=\"color: #000000;\"><strong>SABADO 17-06<\/strong><\/span><\/p>\n<ul>\n<li><span style=\"color: #000000;\">10:00 hs: Llegada y bienvenida en Margarita.<\/span><\/li>\n<li><span style=\"color: #000000;\">19:00 hs: Misa en el templo.<\/span><\/li>\n<\/ul>\n<p><span style=\"color: #000000;\"><strong>DOMINGO 18-06<\/strong><\/span><\/p>\n<ul>\n<li><span style=\"color: #000000;\">09:00 hs: Bienvenida y misa en Intiyaco.<\/span><\/li>\n<\/ul>\n<p><span style=\"color: #000000;\"><strong>LUNES 19-06<\/strong><\/span><\/p>\n<ul>\n<li><span style=\"color: #000000;\">10:00 hs: Llegada y bienvenida en Villa Guillermina.<\/span><\/li>\n<li><span style=\"color: #000000;\">19:00 hs: Bienvenida en la Parroquia de Florencia.<\/span><\/li>\n<\/ul>\n<p><span style=\"color: #000000;\"><strong>MARTES 20-06<\/strong><\/span><\/p>\n<ul>\n<li><span style=\"color: #000000;\">16:00 hs: Entrega de la Virgen a la Arquidi\u00f3cesis de Resistencia por Basail.<\/span><\/li>\n<\/ul>\n<p>&nbsp;<\/p>\n<p>&nbsp;<\/p>\n<p>&nbsp;<\/p>\n","protected":false},"excerpt":{"rendered":"<div class=\"mh-excerpt\"><p>Mar\u00eda camina con nosotros La imagen de Nuestra Se\u00f1ora de Luj\u00e1n bendecida por el Papa Francisco comenz\u00f3 su recorrida por el pa\u00eds desde la Regi\u00f3n <a class=\"mh-excerpt-more\" href=\"https:\/\/www.obispadorqta.org.ar\/v3\/caminata-caritas-argentina\/\" title=\"Caminata C\u00e1ritas Argentina\">[&#8230;]<\/a><\/p>\n<\/div>","protected":false},"author":3,"featured_media":1724,"comment_status":"closed","ping_status":"open","sticky":false,"template":"","format":"standard","meta":{"footnotes":""},"categories":[28],"tags":[],"class_list":["post-1723","post","type-post","status-publish","format-standard","has-post-thumbnail","hentry","category-latest-news"],"_links":{"self":[{"href":"https:\/\/www.obispadorqta.org.ar\/v3\/wp-json\/wp\/v2\/posts\/1723","targetHints":{"allow":["GET"]}}],"collection":[{"href":"https:\/\/www.obispadorqta.org.ar\/v3\/wp-json\/wp\/v2\/posts"}],"about":[{"href":"https:\/\/www.obispadorqta.org.ar\/v3\/wp-json\/wp\/v2\/types\/post"}],"author":[{"embeddable":true,"href":"https:\/\/www.obispadorqta.org.ar\/v3\/wp-json\/wp\/v2\/users\/3"}],"replies":[{"embeddable":true,"href":"https:\/\/www.obispadorqta.org.ar\/v3\/wp-json\/wp\/v2\/comments?post=1723"}],"version-history":[{"count":2,"href":"https:\/\/www.obispadorqta.org.ar\/v3\/wp-json\/wp\/v2\/posts\/1723\/revisions"}],"predecessor-version":[{"id":1726,"href":"https:\/\/www.obispadorqta.org.ar\/v3\/wp-json\/wp\/v2\/posts\/1723\/revisions\/1726"}],"wp:featuredmedia":[{"embeddable":true,"href":"https:\/\/www.obispadorqta.org.ar\/v3\/wp-json\/wp\/v2\/media\/1724"}],"wp:attachment":[{"href":"https:\/\/www.obispadorqta.org.ar\/v3\/wp-json\/wp\/v2\/media?parent=1723"}],"wp:term":[{"taxonomy":"category","embeddable":true,"href":"https:\/\/www.obispadorqta.org.ar\/v3\/wp-json\/wp\/v2\/categories?post=1723"},{"taxonomy":"post_tag","embeddable":true,"href":"https:\/\/www.obispadorqta.org.ar\/v3\/wp-json\/wp\/v2\/tags?post=1723"}],"curies":[{"name":"wp","href":"https:\/\/api.w.org\/{rel}","templated":true}]}}