{"id":173,"date":"2009-09-02T19:52:13","date_gmt":"2009-09-02T19:52:13","guid":{"rendered":"http:\/\/www.obispadorqta.org.ar\/v3\/vicentin-sergio-fabian\/"},"modified":"2024-03-05T10:24:01","modified_gmt":"2024-03-05T13:24:01","slug":"vicentin-sergio-fabian","status":"publish","type":"post","link":"https:\/\/www.obispadorqta.org.ar\/v3\/vicentin-sergio-fabian\/","title":{"rendered":"VICENTIN, Sergio Fabi\u00e1n"},"content":{"rendered":"<p style=\"font-family: Verdana, Arial, Helvetica, sans-serif; font-size: 10px; font-style: normal; line-height: normal;\"><span style=\"color: #000000;\"><u><strong><img loading=\"lazy\" decoding=\"async\" src=\"https:\/\/fbcdn-sphotos-c-a.akamaihd.net\/hphotos-ak-xfp1\/v\/t1.0-9\/300842_126168737479626_6634536_n.jpg?oh=658fd6e027856696e528ef410cc486b5&amp;oe=5612C645&amp;__gda__=1445879827_382b070f5abf995bba614967bb82a7b7\" width=\"124\" height=\"166\" align=\"left\" border=\"0\" \/>Datos Personales<br \/>\n<\/strong><\/u>Naci\u00f3 el 06 de Febrero de 1971 en La Vanguardia (Santa Fe).<u><\/u><\/span><\/p>\n<p><span style=\"color: #000000;\"><u><strong>Estudios realizados y formaci\u00f3n recibida<br \/>\n<\/strong><\/u><\/span><\/p>\n<p><span style=\"color: #000000; font-family: Verdana, Arial, Helvetica, sans-serif; font-size: 10px; line-height: normal;\">Recibi\u00f3 el Sacramento del Orden Sagrado en el grado de Presbiterado, el 07 de Noviembre de 1999.<\/span><br \/>\n<span style=\"color: #000000; font-family: Verdana, Arial, Helvetica, sans-serif;\"><span style=\"font-size: 10px; line-height: normal;\"><strong><u><br \/>\n<\/u><\/strong><\/span><\/span><u style=\"color: #000000; font-family: Verdana, Arial, Helvetica, sans-serif; font-size: 10px; line-height: normal;\"><strong>Experiencia Pastoral<\/strong><\/u><br \/>\n<span style=\"color: #000000; font-family: Verdana, Arial, Helvetica, sans-serif; font-size: 10px; line-height: normal;\">\u2022P\u00e1rroco de la parroquia \u00abMar\u00eda Madre de Dios\u00bb de Reconquista<br \/>\n\u2022Vicario de la Parroquia \u00abMar\u00eda Madre de Dios\u00bb de Reconquista.<br \/>\n\u2022Miembro del Consejo Diocesano de Presbiterio.<br \/>\n\u2022Rector del Pre-Seminario \u00abSan Pedro y San Pablo\u00bb de Reconquista.<br \/>\n\u2022Prefecto del Pre-Seminario \u00abSan Pedro y San Pablo\u00bb de Reconquista.<br \/>\n\u2022P\u00e1rroco de la parroquia \u00abNuestra Se\u00f1ora del Rosario\u00bb de Lanteri<\/span><span style=\"color: #000000; font-family: Verdana, Arial, Helvetica, sans-serif; font-size: 10px; line-height: normal;\">.<\/span><\/p>\n<p><u style=\"color: #000000; font-family: Verdana, Arial, Helvetica, sans-serif; font-size: 10px; line-height: normal;\"><strong>Oficio Pastoral Actual<\/strong><\/u><\/p>\n<p><span style=\"font-family: Verdana, Arial, Helvetica, sans-serif; font-size: 10px; line-height: normal; color: #000000;\">\u2022<\/span><span style=\"font-family: Verdana, Arial, Helvetica, sans-serif; font-size: 10px; line-height: normal; color: #000000;\">P\u00e1rroco de la parroquia \u00abSagrado Coraz\u00f3n de Jes\u00fas\u00bb de Romang<\/span><br \/>\n<span style=\"font-family: Verdana, Arial, Helvetica, sans-serif; font-size: 10px; line-height: normal; color: #000000;\">\u2022<\/span><span style=\"font-family: Verdana, Arial, Helvetica, sans-serif; font-size: 10px; line-height: normal; color: #000000;\">Miembro del Colegio de Consultores.<\/span><br \/>\n<span style=\"font-family: Verdana, Arial, Helvetica, sans-serif; font-size: 10px; line-height: normal; color: #000000;\">\u2022<\/span><span style=\"font-family: Verdana, Arial, Helvetica, sans-serif; font-size: 10px; line-height: normal; color: #000000;\">Miembro del Equipo Diocesano de Formaci\u00f3n Permanente del Clero.<\/span><br \/>\n<span style=\"font-family: Verdana, Arial, Helvetica, sans-serif; font-size: 10px; line-height: normal; color: #000000;\">\u2022<\/span><span style=\"font-family: Verdana, Arial, Helvetica, sans-serif; font-size: 10px; line-height: normal; color: #000000;\">Capell\u00e1n del Hospital Central de Reconquista.<\/span><span style=\"font-size: 12.16px; line-height: 1.3em;\">\u00a0<\/span><\/p>\n<p><u style=\"color: #000000; font-family: Verdana, Arial, Helvetica, sans-serif; font-size: 10px; line-height: normal;\"><strong>Asesor\u00edas<\/strong><\/u><\/p>\n<p><span style=\"color: #000000; font-family: Verdana, Arial, Helvetica, sans-serif; font-size: 10px; line-height: normal;\">Asesor Diocesano de la Pastoral de la Salud<\/span><\/p>\n<p><u style=\"color: #000000; font-family: Verdana, Arial, Helvetica, sans-serif; font-size: 10px; line-height: normal;\"><strong>Direci\u00f3n:<\/strong><\/u><span style=\"color: #000000; font-family: Verdana, Arial, Helvetica, sans-serif; font-size: 10px; line-height: normal;\"> \u00a0<\/span><\/p>\n<p style=\"font-family: Verdana, Arial, Helvetica, sans-serif; font-size: 10px; font-style: normal; line-height: normal;\">Tel.:<\/p>\n","protected":false},"excerpt":{"rendered":"<div class=\"mh-excerpt\"><p>Datos Personales Naci\u00f3 el 06 de Febrero de 1971 en La Vanguardia (Santa Fe). Estudios realizados y formaci\u00f3n recibida Recibi\u00f3 el Sacramento del Orden Sagrado <a class=\"mh-excerpt-more\" href=\"https:\/\/www.obispadorqta.org.ar\/v3\/vicentin-sergio-fabian\/\" title=\"VICENTIN, Sergio Fabi\u00e1n\">[&#8230;]<\/a><\/p>\n<\/div>","protected":false},"author":1,"featured_media":0,"comment_status":"closed","ping_status":"open","sticky":false,"template":"","format":"standard","meta":{"footnotes":""},"categories":[59],"tags":[],"class_list":["post-173","post","type-post","status-publish","format-standard","hentry","category-presbiteros-diocesanos"],"_links":{"self":[{"href":"https:\/\/www.obispadorqta.org.ar\/v3\/wp-json\/wp\/v2\/posts\/173","targetHints":{"allow":["GET"]}}],"collection":[{"href":"https:\/\/www.obispadorqta.org.ar\/v3\/wp-json\/wp\/v2\/posts"}],"about":[{"href":"https:\/\/www.obispadorqta.org.ar\/v3\/wp-json\/wp\/v2\/types\/post"}],"author":[{"embeddable":true,"href":"https:\/\/www.obispadorqta.org.ar\/v3\/wp-json\/wp\/v2\/users\/1"}],"replies":[{"embeddable":true,"href":"https:\/\/www.obispadorqta.org.ar\/v3\/wp-json\/wp\/v2\/comments?post=173"}],"version-history":[{"count":3,"href":"https:\/\/www.obispadorqta.org.ar\/v3\/wp-json\/wp\/v2\/posts\/173\/revisions"}],"predecessor-version":[{"id":9609,"href":"https:\/\/www.obispadorqta.org.ar\/v3\/wp-json\/wp\/v2\/posts\/173\/revisions\/9609"}],"wp:attachment":[{"href":"https:\/\/www.obispadorqta.org.ar\/v3\/wp-json\/wp\/v2\/media?parent=173"}],"wp:term":[{"taxonomy":"category","embeddable":true,"href":"https:\/\/www.obispadorqta.org.ar\/v3\/wp-json\/wp\/v2\/categories?post=173"},{"taxonomy":"post_tag","embeddable":true,"href":"https:\/\/www.obispadorqta.org.ar\/v3\/wp-json\/wp\/v2\/tags?post=173"}],"curies":[{"name":"wp","href":"https:\/\/api.w.org\/{rel}","templated":true}]}}