{"id":1738,"date":"2017-06-27T15:06:37","date_gmt":"2017-06-27T15:06:37","guid":{"rendered":"http:\/\/www.obispadorqta.org.ar\/v3\/?p=1738"},"modified":"2017-06-28T12:48:06","modified_gmt":"2017-06-28T12:48:06","slug":"25-anos-de-misterio-sacerdotal-del-obispo-diocesano","status":"publish","type":"post","link":"https:\/\/www.obispadorqta.org.ar\/v3\/25-anos-de-misterio-sacerdotal-del-obispo-diocesano\/","title":{"rendered":"25 A\u00f1os de Ministerio Sacerdotal del Obispo Diocesano"},"content":{"rendered":"<h4 style=\"text-align: center;\"><em><strong>\u00a0\u201cBusquen primero el Reino de Dios y su justicia, y lo dem\u00e1s se les dar\u00e1 por a\u00f1adidura\u201d (Mt. 6,33)<\/strong><\/em><\/h4>\n<p style=\"text-align: justify;\">Con gran alegr\u00eda comunicamos que el pr\u00f3ximo 09 de julio, nuestro Obispo Diocesano, Mons. \u00c1ngel Jos\u00e9 Mac\u00edn, celebrar\u00e1 sus 25 a\u00f1os de Ministerio Sacerdotal.<\/p>\n<p style=\"text-align: justify;\">En el marco de este acontecimiento, el Obispo realizar\u00e1 un encuentro fraterno con sacerdotes y religiosas a las 16 hs.<\/p>\n<p style=\"text-align: justify;\">Luego, a las 19 hs. celebrar\u00e1 la Santa Misa en la Catedral de Reconquista y posteriormente se realizar\u00e1 un compartir fraterno.<\/p>\n<p style=\"text-align: justify;\">Damos gracias a Dios y a nuestro Obispo por su entrega pastoral a esta que es su di\u00f3cesis de origen y a la que le han confiado su pastoreo. Seguimos orando para que su coraz\u00f3n se configure cada vez m\u00e1s al de Cristo Buen Pastor.<\/p>\n<p>&nbsp;<\/p>\n<p>&nbsp;<\/p>\n<p>&nbsp;<\/p>\n","protected":false},"excerpt":{"rendered":"<div class=\"mh-excerpt\"><p>\u00a0\u201cBusquen primero el Reino de Dios y su justicia, y lo dem\u00e1s se les dar\u00e1 por a\u00f1adidura\u201d (Mt. 6,33) Con gran alegr\u00eda comunicamos que el <a class=\"mh-excerpt-more\" href=\"https:\/\/www.obispadorqta.org.ar\/v3\/25-anos-de-misterio-sacerdotal-del-obispo-diocesano\/\" title=\"25 A\u00f1os de Ministerio Sacerdotal del Obispo Diocesano\">[&#8230;]<\/a><\/p>\n<\/div>","protected":false},"author":3,"featured_media":1748,"comment_status":"closed","ping_status":"open","sticky":false,"template":"","format":"standard","meta":{"footnotes":""},"categories":[28],"tags":[],"class_list":["post-1738","post","type-post","status-publish","format-standard","has-post-thumbnail","hentry","category-latest-news"],"_links":{"self":[{"href":"https:\/\/www.obispadorqta.org.ar\/v3\/wp-json\/wp\/v2\/posts\/1738","targetHints":{"allow":["GET"]}}],"collection":[{"href":"https:\/\/www.obispadorqta.org.ar\/v3\/wp-json\/wp\/v2\/posts"}],"about":[{"href":"https:\/\/www.obispadorqta.org.ar\/v3\/wp-json\/wp\/v2\/types\/post"}],"author":[{"embeddable":true,"href":"https:\/\/www.obispadorqta.org.ar\/v3\/wp-json\/wp\/v2\/users\/3"}],"replies":[{"embeddable":true,"href":"https:\/\/www.obispadorqta.org.ar\/v3\/wp-json\/wp\/v2\/comments?post=1738"}],"version-history":[{"count":5,"href":"https:\/\/www.obispadorqta.org.ar\/v3\/wp-json\/wp\/v2\/posts\/1738\/revisions"}],"predecessor-version":[{"id":1749,"href":"https:\/\/www.obispadorqta.org.ar\/v3\/wp-json\/wp\/v2\/posts\/1738\/revisions\/1749"}],"wp:featuredmedia":[{"embeddable":true,"href":"https:\/\/www.obispadorqta.org.ar\/v3\/wp-json\/wp\/v2\/media\/1748"}],"wp:attachment":[{"href":"https:\/\/www.obispadorqta.org.ar\/v3\/wp-json\/wp\/v2\/media?parent=1738"}],"wp:term":[{"taxonomy":"category","embeddable":true,"href":"https:\/\/www.obispadorqta.org.ar\/v3\/wp-json\/wp\/v2\/categories?post=1738"},{"taxonomy":"post_tag","embeddable":true,"href":"https:\/\/www.obispadorqta.org.ar\/v3\/wp-json\/wp\/v2\/tags?post=1738"}],"curies":[{"name":"wp","href":"https:\/\/api.w.org\/{rel}","templated":true}]}}