{"id":175,"date":"2009-09-02T19:55:50","date_gmt":"2009-09-02T19:55:50","guid":{"rendered":"http:\/\/www.obispadorqta.org.ar\/v3\/venica-walter-guido\/"},"modified":"2024-03-05T10:20:21","modified_gmt":"2024-03-05T13:20:21","slug":"venica-walter-guido","status":"publish","type":"post","link":"https:\/\/www.obispadorqta.org.ar\/v3\/venica-walter-guido\/","title":{"rendered":"VENICA, Walter Guido"},"content":{"rendered":"<p><!-- [if gte mso 9]><xml>  <w:WordDocument>   <w:View>Normal<\/w:View>   <w:Zoom>0<\/w:Zoom>   <w:HyphenationZone>21<\/w:HyphenationZone>   <w:PunctuationKerning\/>   <w:ValidateAgainstSchemas\/>   <w:SaveIfXMLInvalid>false<\/w:SaveIfXMLInvalid>   <w:IgnoreMixedContent>false<\/w:IgnoreMixedContent>   <w:AlwaysShowPlaceholderText>false<\/w:AlwaysShowPlaceholderText>   <w:Compatibility>    <w:BreakWrappedTables\/>    <w:SnapToGridInCell\/>    <w:WrapTextWithPunct\/>    <w:UseAsianBreakRules\/>    <w:DontGrowAutofit\/>   <\/w:Compatibility>   <w:BrowserLevel>MicrosoftInternetExplorer4<\/w:BrowserLevel>  <\/w:WordDocument> <\/xml><![endif]--><!-- [if gte mso 9]><xml>  <w:LatentStyles DefLockedState=\"false\" LatentStyleCount=\"156\">  <\/w:LatentStyles> <\/xml><![endif]--><!-- [if gte mso 9]><xml>  <w:WordDocument>   <w:View>Normal<\/w:View>   <w:Zoom>0<\/w:Zoom>   <w:HyphenationZone>21<\/w:HyphenationZone>   <w:PunctuationKerning\/>   <w:ValidateAgainstSchemas\/>   <w:SaveIfXMLInvalid>false<\/w:SaveIfXMLInvalid>   <w:IgnoreMixedContent>false<\/w:IgnoreMixedContent>   <w:AlwaysShowPlaceholderText>false<\/w:AlwaysShowPlaceholderText>   <w:Compatibility>    <w:BreakWrappedTables\/>    <w:SnapToGridInCell\/>    <w:WrapTextWithPunct\/>    <w:UseAsianBreakRules\/>    <w:DontGrowAutofit\/>   <\/w:Compatibility>   <w:BrowserLevel>MicrosoftInternetExplorer4<\/w:BrowserLevel>  <\/w:WordDocument> <\/xml><![endif]--><span style=\"font-family: Verdana, Arial, Helvetica, sans-serif; font-size: 10px; font-style: normal; line-height: normal; color: #000000;\"><u><strong><img loading=\"lazy\" decoding=\"async\" src=\"https:\/\/fbcdn-sphotos-b-a.akamaihd.net\/hphotos-ak-xpf1\/v\/t1.0-9\/300842_126168730812960_5293521_n.jpg?oh=4f210179b36b36bc9a7f9f0f203074fd&amp;oe=55E97C77&amp;__gda__=1446085182_a3e39846c6c278cb3479ec187d6a42c9\" width=\"170\" height=\"193\" align=\"left\" border=\"0\" \/>Datos Personales<\/strong><\/u><br \/>\nNaci\u00f3 el 08 de Febrero de 1966 en Guadalupe Norte (Santa Fe).<\/span><\/p>\n<p><span style=\"font-family: Verdana, Arial, Helvetica, sans-serif; font-size: 10px; font-style: normal; line-height: normal; color: #000000;\"><u><strong>Estudios realizados y formaci\u00f3n recibida<\/strong><\/u><br \/>\nRecibi\u00f3 el Sacramento del Orden Sagrado en el grado de Presbiterado, el 23 de Junio de 1996.<\/span><\/p>\n<p><span style=\"font-family: Verdana, Arial, Helvetica, sans-serif; font-size: 10px; font-style: normal; line-height: normal; color: #000000;\"><u><strong>Experiencia Pastoral<\/strong><\/u><\/span><br \/>\n<span style=\"font-family: Verdana, Arial, Helvetica, sans-serif; font-size: 10px; font-style: normal; line-height: normal; color: #000000;\">En el Seminario Interdiocesano \u201cLa Encarnaci\u00f3n\u201d de Resistencia: Formador, Prefecto del \u00e1rea Pastoral, Director Espiritual y Profesor de Filosof\u00eda. <\/span><br \/>\n<span style=\"font-family: Verdana, Arial, Helvetica, sans-serif; font-size: 10px; font-style: normal; line-height: normal; color: #000000;\">Director de la Revista Nueva Evangelizaci\u00f3n del Seminario y Coordinador de Medios<\/span><br \/>\n<span style=\"font-family: Verdana, Arial, Helvetica, sans-serif; font-size: 10px; font-style: normal; line-height: normal; color: #000000;\">Administrador Parroquial de la Parroquia \u201cSanta Ana\u201d de Florencia<\/span><br \/>\n<span style=\"font-family: Verdana, Arial, Helvetica, sans-serif; font-size: 10px; font-style: normal; line-height: normal; color: #000000;\">Administrador Parroquial de la Parroquia \u201cSagrado Coraz\u00f3n de Jes\u00fas\u201d de Villa Guillermina<\/span><br \/>\n<span style=\"font-family: Verdana, Arial, Helvetica, sans-serif; font-size: 10px; font-style: normal; line-height: normal; color: #000000;\">P\u00e1rroco de la Parroquia \u201cNuestra Se\u00f1ora del Huerto\u201d de Malabrigo<\/span><br \/>\n<span style=\"font-family: Verdana, Arial, Helvetica, sans-serif; font-size: 10px; font-style: normal; line-height: normal; color: #000000;\">Profesor en el Instituto Diocesano de Teolog\u00eda y Pastoral \u201cJuan Pablo II\u201d<\/span><br \/>\n<span style=\"font-family: Verdana, Arial, Helvetica, sans-serif; font-size: 10px; font-style: normal; line-height: normal; color: #000000;\">Director Espiritual del Pre-Seminario Diocesano \u201cSan Pedro y San Pablo\u201d<\/span><br \/>\n<span style=\"font-family: Verdana, Arial, Helvetica, sans-serif; font-size: 10px; font-style: normal; line-height: normal; color: #000000;\">Asesor de la Pastoral Diocesana para los Matrimonios Separados vueltos a establecer Nueva Uni\u00f3n<\/span><br \/>\n<span style=\"font-family: Verdana, Arial, Helvetica, sans-serif; font-size: 10px; font-style: normal; line-height: normal; color: #000000;\">Asesor del Equipo Diocesano de Ecumenismo<\/span><br \/>\n<span style=\"font-family: Verdana, Arial, Helvetica, sans-serif; font-size: 10px; font-style: normal; line-height: normal; color: #000000;\">Asesor del Equipo Diocesano de Liturgia<\/span><br \/>\n<span style=\"font-family: Verdana, Arial, Helvetica, sans-serif; font-size: 10px; font-style: normal; line-height: normal; color: #000000;\">Asesor del Equipo Diocesano de Mensaje<\/span><br \/>\n<span style=\"font-family: Verdana, Arial, Helvetica, sans-serif; font-size: 10px; font-style: normal; line-height: normal; color: #000000;\">Asesor de la Junta Diocesana de Educaci\u00f3n Cat\u00f3lica<\/span><br \/>\n<span style=\"font-family: Verdana, Arial, Helvetica, sans-serif; font-size: 10px; font-style: normal; line-height: normal; color: #000000;\">Miembro del Colegio Diocesano de Consultores<\/span><br \/>\n<span style=\"font-family: Verdana, Arial, Helvetica, sans-serif; font-size: 10px; font-style: normal; line-height: normal; color: #000000;\">Miembro del Consejo Diocesano de Presbiterio<\/span><br \/>\n<span style=\"font-family: Verdana, Arial, Helvetica, sans-serif; font-size: 10px; font-style: normal; line-height: normal; color: #000000;\">Miembro del Consejo Diocesano de Pastoral<\/span><br \/>\n<span style=\"font-family: Verdana, Arial, Helvetica, sans-serif; font-size: 10px; font-style: normal; line-height: normal; color: #000000;\">Secretario Canciller de la Curia Diocesana<\/span><br \/>\n<span style=\"font-family: Verdana, Arial, Helvetica, sans-serif; font-size: 10px; font-style: normal; line-height: normal; color: #000000;\">P\u00e1rroco de la parroquia \u00abSan Luis Gonzaga\u00bb de Calchaqu\u00ed<br \/>\n<u><\/u><\/span><\/p>\n<p><span style=\"font-family: Verdana, Arial, Helvetica, sans-serif; font-size: 10px; font-style: normal; line-height: normal; color: #000000;\"><u><strong>Oficio Pastoral Actual<\/strong><\/u><br \/>\n<\/span><\/p>\n<p><span style=\"font-family: Verdana, Arial, Helvetica, sans-serif; font-size: 10px; font-style: normal; line-height: normal; color: #000000;\">P\u00e1rroco de la Parroquia \u00abNuestra Se\u00f1ora de la Merced\u00bb de Avellaneda<\/span><\/p>\n<p><span style=\"font-family: Verdana, Arial, Helvetica, sans-serif; font-size: 10px; font-style: normal; line-height: normal; color: #000000;\"><u><strong>Asesor\u00edas<\/strong><\/u><br \/>\nAsesor de la Comisi\u00f3n Diocesana de Catequesis<\/span><\/p>\n<p style=\"font-family: Verdana, Arial, Helvetica, sans-serif; font-size: 10px; font-style: normal; line-height: normal;\"><span style=\"color: #000000;\"><u><strong>Domicilio:<\/strong><\/u> Bv. Belgrano N\u00ba 148 &#8211; 3050 Calchaqu\u00ed, Santa Fe<\/span><\/p>\n","protected":false},"excerpt":{"rendered":"<div class=\"mh-excerpt\"><p>Datos Personales Naci\u00f3 el 08 de Febrero de 1966 en Guadalupe Norte (Santa Fe). Estudios realizados y formaci\u00f3n recibida Recibi\u00f3 el Sacramento del Orden Sagrado <a class=\"mh-excerpt-more\" href=\"https:\/\/www.obispadorqta.org.ar\/v3\/venica-walter-guido\/\" title=\"VENICA, Walter Guido\">[&#8230;]<\/a><\/p>\n<\/div>","protected":false},"author":1,"featured_media":0,"comment_status":"closed","ping_status":"open","sticky":false,"template":"","format":"standard","meta":{"footnotes":""},"categories":[59],"tags":[],"class_list":["post-175","post","type-post","status-publish","format-standard","hentry","category-presbiteros-diocesanos"],"_links":{"self":[{"href":"https:\/\/www.obispadorqta.org.ar\/v3\/wp-json\/wp\/v2\/posts\/175","targetHints":{"allow":["GET"]}}],"collection":[{"href":"https:\/\/www.obispadorqta.org.ar\/v3\/wp-json\/wp\/v2\/posts"}],"about":[{"href":"https:\/\/www.obispadorqta.org.ar\/v3\/wp-json\/wp\/v2\/types\/post"}],"author":[{"embeddable":true,"href":"https:\/\/www.obispadorqta.org.ar\/v3\/wp-json\/wp\/v2\/users\/1"}],"replies":[{"embeddable":true,"href":"https:\/\/www.obispadorqta.org.ar\/v3\/wp-json\/wp\/v2\/comments?post=175"}],"version-history":[{"count":3,"href":"https:\/\/www.obispadorqta.org.ar\/v3\/wp-json\/wp\/v2\/posts\/175\/revisions"}],"predecessor-version":[{"id":9607,"href":"https:\/\/www.obispadorqta.org.ar\/v3\/wp-json\/wp\/v2\/posts\/175\/revisions\/9607"}],"wp:attachment":[{"href":"https:\/\/www.obispadorqta.org.ar\/v3\/wp-json\/wp\/v2\/media?parent=175"}],"wp:term":[{"taxonomy":"category","embeddable":true,"href":"https:\/\/www.obispadorqta.org.ar\/v3\/wp-json\/wp\/v2\/categories?post=175"},{"taxonomy":"post_tag","embeddable":true,"href":"https:\/\/www.obispadorqta.org.ar\/v3\/wp-json\/wp\/v2\/tags?post=175"}],"curies":[{"name":"wp","href":"https:\/\/api.w.org\/{rel}","templated":true}]}}