{"id":176,"date":"2009-09-02T19:57:12","date_gmt":"2009-09-02T19:57:12","guid":{"rendered":"http:\/\/www.obispadorqta.org.ar\/v3\/vallejos-german-ernesto\/"},"modified":"2025-10-30T09:31:57","modified_gmt":"2025-10-30T12:31:57","slug":"vallejos-german-ernesto","status":"publish","type":"post","link":"https:\/\/www.obispadorqta.org.ar\/v3\/vallejos-german-ernesto\/","title":{"rendered":"VALLEJOS, Germ\u00e1n Ernesto"},"content":{"rendered":"<p><span style=\"font-family: Verdana,Arial,Helvetica,sans-serif; font-size: 10px; font-style: normal; line-height: normal; color: #000000;\"><u><strong><img loading=\"lazy\" decoding=\"async\" src=\"https:\/\/fbcdn-sphotos-g-a.akamaihd.net\/hphotos-ak-xpf1\/v\/t1.0-9\/11046267_822051351224691_6202406739580663433_n.jpg?oh=a9f91e28275b7a59500b2f649a76cf3f&amp;oe=55E894A8&amp;__gda__=1444942786_fb4f10ae4f10d77545a9a04c927f900f\" width=\"133\" height=\"207\" align=\"left\" border=\"0\" \/>Datos Personales<\/strong><\/u><br \/>\nNaci\u00f3 el 19 de Noviembre de 1962 en Villa Ocampo (Santa Fe).<\/span><\/p>\n<p><u><strong>Estudios realizados y formaci\u00f3n recibida<\/strong><\/u><br \/>\nRecibi\u00f3 el Sacramento del Orden Sagrado en el grado de Presbiterado, el 25 de Agosto de 1991.<br \/>\nLicenciado en Teolog\u00eda con especializaci\u00f3n Lit\u00fargica.<\/p>\n<p><u><strong>Experiencia Pastoral<\/strong><\/u><\/p>\n<p>Cura P\u00e1rroco de la Parroquia \u00abNuestra Se\u00f1ora de la Merced\u00bb de Avellaneda.<br \/>\nProfesor en el Seminario \u00abLa Encarnaci\u00f3n\u00bb del N.E.A.<br \/>\nProfesor del Instituto de Teolog\u00eda y Pastoral de la Di\u00f3cesis.<br \/>\nResponsable de los bienes culturales y patrimonio eclesi\u00e1sticos de la Di\u00f3cesis.<br \/>\nMiembro del Equipo Diocesano para la Formaci\u00f3n de los Di\u00e1conos Permanentes.<br \/>\nAsesor Diocesano de Liturgia.<br \/>\nAsesor Diocesano del Movimiento Mallinista.<br \/>\nRector Seminario Interdiocesano \u201cLa Encarnaci\u00f3n\u00bb de Resistencia, Chaco<br \/>\nP\u00e1rroco de la parroquia \u00abSan Roque\u00bb de Reconquista<\/p>\n<p><u><strong>Oficio Pastoral Actual<\/strong><\/u><br \/>\nP\u00e1rroco de la parroquia \u00abInmaculada Concepci\u00f3n\u00bb de Villa Ocampo<br \/>\nVicario Episcopal para la Educaci\u00f3n<br \/>\nMiembro del Consejo de Direcci\u00f3n del Instituto Diocesano para la Formaci\u00f3n del Diaconado Permanente<br \/>\nMiembro del Colegio Diocesano de Consultores<br \/>\nMiembro del Consejo Diocesano de Presbiterio<br \/>\nMiembro del Consejo Diocesano de Pastoral<\/p>\n<p><span style=\"font-family: Verdana,Arial,Helvetica,sans-serif; font-size: 10px; font-style: normal; line-height: normal; color: #000000;\"><u><strong>Asesor\u00edas<br \/>\n<\/strong><strong><br \/>\nDomicilio:<\/strong><\/u> Ruta 11 y 25 de Mayo. C.C. 729. 3500 Resistencia (Chaco)<br \/>\nTel &#8211; fax: 03722 &#8211; 463682\/463683<\/span><br \/>\n<!-- [if gte mso 9]><xml>  <w:WordDocument>   <w:View>Normal<\/w:View>   <w:Zoom>0<\/w:Zoom>   <w:HyphenationZone>21<\/w:HyphenationZone>   <w:PunctuationKerning\/>   <w:ValidateAgainstSchemas\/>   <w:SaveIfXMLInvalid>false<\/w:SaveIfXMLInvalid>   <w:IgnoreMixedContent>false<\/w:IgnoreMixedContent>   <w:AlwaysShowPlaceholderText>false<\/w:AlwaysShowPlaceholderText>   <w:Compatibility>    <w:BreakWrappedTables\/>    <w:SnapToGridInCell\/>    <w:WrapTextWithPunct\/>    <w:UseAsianBreakRules\/>    <w:DontGrowAutofit\/>   <\/w:Compatibility>   <w:BrowserLevel>MicrosoftInternetExplorer4<\/w:BrowserLevel>  <\/w:WordDocument> <\/xml><![endif]--><!-- [if gte mso 9]><xml>  <w:LatentStyles DefLockedState=\"false\" LatentStyleCount=\"156\">  <\/w:LatentStyles> <\/xml><![endif]--><!-- [if !mso]>\n\n\n<div   classid=\"clsid:38481807-CA0E-42D2-BF39-B33AF135CC4D\" id=ieooui><\/div>\n\n\n\n\n<style> st1\\:*{behavior:url(#ieooui) } <\/style>\n\n\n\n <![endif]--> <!--  \/* Style Definitions *\/  p.MsoNormal, li.MsoNormal, div.MsoNormal \t{mso-style-parent:\"\"; \tmargin:0cm; \tmargin-bottom:.0001pt; \tmso-pagination:widow-orphan; \tfont-size:12.0pt; \tfont-family:\"Times New Roman\"; \tmso-fareast-font-family:\"Times New Roman\";} @page Section1 \t{size:595.3pt 841.9pt; \tmargin:70.85pt 3.0cm 70.85pt 3.0cm; \tmso-header-margin:35.4pt; \tmso-footer-margin:35.4pt; \tmso-paper-source:0;} div.Section1 \t{page:Section1;} --> <!-- [if gte mso 10]> \n\n\n\n<style>  \/* Style Definitions *\/  table.MsoNormalTable \t{mso-style-name:\"Tabla normal\"; \tmso-tstyle-rowband-size:0; \tmso-tstyle-colband-size:0; \tmso-style-noshow:yes; \tmso-style-parent:\"\"; \tmso-padding-alt:0cm 5.4pt 0cm 5.4pt; \tmso-para-margin:0cm; \tmso-para-margin-bottom:.0001pt; \tmso-pagination:widow-orphan; \tfont-size:10.0pt; \tfont-family:\"Times New Roman\"; \tmso-ansi-language:#0400; \tmso-fareast-language:#0400; \tmso-bidi-language:#0400;} <\/style>\n\n\n\n <![endif]--><\/p>\n","protected":false},"excerpt":{"rendered":"<div class=\"mh-excerpt\"><p>Datos Personales Naci\u00f3 el 19 de Noviembre de 1962 en Villa Ocampo (Santa Fe). Estudios realizados y formaci\u00f3n recibida Recibi\u00f3 el Sacramento del Orden Sagrado <a class=\"mh-excerpt-more\" href=\"https:\/\/www.obispadorqta.org.ar\/v3\/vallejos-german-ernesto\/\" title=\"VALLEJOS, Germ\u00e1n Ernesto\">[&#8230;]<\/a><\/p>\n<\/div>","protected":false},"author":1,"featured_media":0,"comment_status":"closed","ping_status":"open","sticky":false,"template":"","format":"standard","meta":{"footnotes":""},"categories":[59],"tags":[],"class_list":["post-176","post","type-post","status-publish","format-standard","hentry","category-presbiteros-diocesanos"],"_links":{"self":[{"href":"https:\/\/www.obispadorqta.org.ar\/v3\/wp-json\/wp\/v2\/posts\/176","targetHints":{"allow":["GET"]}}],"collection":[{"href":"https:\/\/www.obispadorqta.org.ar\/v3\/wp-json\/wp\/v2\/posts"}],"about":[{"href":"https:\/\/www.obispadorqta.org.ar\/v3\/wp-json\/wp\/v2\/types\/post"}],"author":[{"embeddable":true,"href":"https:\/\/www.obispadorqta.org.ar\/v3\/wp-json\/wp\/v2\/users\/1"}],"replies":[{"embeddable":true,"href":"https:\/\/www.obispadorqta.org.ar\/v3\/wp-json\/wp\/v2\/comments?post=176"}],"version-history":[{"count":4,"href":"https:\/\/www.obispadorqta.org.ar\/v3\/wp-json\/wp\/v2\/posts\/176\/revisions"}],"predecessor-version":[{"id":11623,"href":"https:\/\/www.obispadorqta.org.ar\/v3\/wp-json\/wp\/v2\/posts\/176\/revisions\/11623"}],"wp:attachment":[{"href":"https:\/\/www.obispadorqta.org.ar\/v3\/wp-json\/wp\/v2\/media?parent=176"}],"wp:term":[{"taxonomy":"category","embeddable":true,"href":"https:\/\/www.obispadorqta.org.ar\/v3\/wp-json\/wp\/v2\/categories?post=176"},{"taxonomy":"post_tag","embeddable":true,"href":"https:\/\/www.obispadorqta.org.ar\/v3\/wp-json\/wp\/v2\/tags?post=176"}],"curies":[{"name":"wp","href":"https:\/\/api.w.org\/{rel}","templated":true}]}}