{"id":1763,"date":"2017-07-05T09:00:33","date_gmt":"2017-07-05T09:00:33","guid":{"rendered":"http:\/\/www.obispadorqta.org.ar\/v3\/?p=1763"},"modified":"2017-07-05T12:01:43","modified_gmt":"2017-07-05T12:01:43","slug":"invitacion","status":"publish","type":"post","link":"https:\/\/www.obispadorqta.org.ar\/v3\/invitacion\/","title":{"rendered":"INVITACI\u00d3N"},"content":{"rendered":"<h3 style=\"text-align: center;\"><em><strong>\u00abFRANCISCO, CUATRO A\u00d1OS CONSTRUYENDO PUENTES\u00bb<\/strong><\/em><\/h3>\n<p style=\"text-align: justify;\"><span style=\"color: #000000;\">La Comisi\u00f3n Diocesana de Justicia y Paz invita a la disertaci\u00f3n del Dr. Eduardo Vald\u00e9s (Ex embajador argentino ante la Santa Sede). La misma se llevar\u00e1 a cabo el d\u00eda jueves 06 de julio a las 20:30 hs. en el teatro Espa\u00f1ol (Habegger N\u00ba 561) de la ciudad de Reconquista.<\/span><\/p>\n<p style=\"text-align: justify;\"><span style=\"color: #000000;\">Dicho evento es de car\u00e1cter diocesano y la invitaci\u00f3n es para todos los ciudadanos de nuestro norte santafesino, dirigido especialmente a los diferentes agentes pastorales, grupos juveniles, movimientos y, de este modo, tengan la oportunidad de informarse y tambi\u00e9n poder preguntar acerca de esta famosa construcci\u00f3n de puentes que va gestando en todos estos a\u00f1os el Papa Francisco.<\/span><\/p>\n<p>&nbsp;<\/p>\n<p>&nbsp;<\/p>\n<p>&nbsp;<\/p>\n","protected":false},"excerpt":{"rendered":"<div class=\"mh-excerpt\"><p>\u00abFRANCISCO, CUATRO A\u00d1OS CONSTRUYENDO PUENTES\u00bb La Comisi\u00f3n Diocesana de Justicia y Paz invita a la disertaci\u00f3n del Dr. Eduardo Vald\u00e9s (Ex embajador argentino ante la <a class=\"mh-excerpt-more\" href=\"https:\/\/www.obispadorqta.org.ar\/v3\/invitacion\/\" title=\"INVITACI\u00d3N\">[&#8230;]<\/a><\/p>\n<\/div>","protected":false},"author":3,"featured_media":1777,"comment_status":"closed","ping_status":"open","sticky":false,"template":"","format":"standard","meta":{"footnotes":""},"categories":[28],"tags":[],"class_list":["post-1763","post","type-post","status-publish","format-standard","has-post-thumbnail","hentry","category-latest-news"],"_links":{"self":[{"href":"https:\/\/www.obispadorqta.org.ar\/v3\/wp-json\/wp\/v2\/posts\/1763","targetHints":{"allow":["GET"]}}],"collection":[{"href":"https:\/\/www.obispadorqta.org.ar\/v3\/wp-json\/wp\/v2\/posts"}],"about":[{"href":"https:\/\/www.obispadorqta.org.ar\/v3\/wp-json\/wp\/v2\/types\/post"}],"author":[{"embeddable":true,"href":"https:\/\/www.obispadorqta.org.ar\/v3\/wp-json\/wp\/v2\/users\/3"}],"replies":[{"embeddable":true,"href":"https:\/\/www.obispadorqta.org.ar\/v3\/wp-json\/wp\/v2\/comments?post=1763"}],"version-history":[{"count":8,"href":"https:\/\/www.obispadorqta.org.ar\/v3\/wp-json\/wp\/v2\/posts\/1763\/revisions"}],"predecessor-version":[{"id":1796,"href":"https:\/\/www.obispadorqta.org.ar\/v3\/wp-json\/wp\/v2\/posts\/1763\/revisions\/1796"}],"wp:featuredmedia":[{"embeddable":true,"href":"https:\/\/www.obispadorqta.org.ar\/v3\/wp-json\/wp\/v2\/media\/1777"}],"wp:attachment":[{"href":"https:\/\/www.obispadorqta.org.ar\/v3\/wp-json\/wp\/v2\/media?parent=1763"}],"wp:term":[{"taxonomy":"category","embeddable":true,"href":"https:\/\/www.obispadorqta.org.ar\/v3\/wp-json\/wp\/v2\/categories?post=1763"},{"taxonomy":"post_tag","embeddable":true,"href":"https:\/\/www.obispadorqta.org.ar\/v3\/wp-json\/wp\/v2\/tags?post=1763"}],"curies":[{"name":"wp","href":"https:\/\/api.w.org\/{rel}","templated":true}]}}