{"id":178,"date":"2009-09-02T20:00:50","date_gmt":"2009-09-02T20:00:50","guid":{"rendered":"http:\/\/www.obispadorqta.org.ar\/v3\/taibo-ruben-abel\/"},"modified":"2024-03-05T10:14:39","modified_gmt":"2024-03-05T13:14:39","slug":"taibo-ruben-abel","status":"publish","type":"post","link":"https:\/\/www.obispadorqta.org.ar\/v3\/taibo-ruben-abel\/","title":{"rendered":"TAIBO, Rub\u00e9n Abel"},"content":{"rendered":"<div style=\"font-family: Verdana,Arial,Helvetica,sans-serif; font-size: 10px; font-style: normal; line-height: normal;\">\n<div align=\"justify\"><span style=\"color: #000000;\"><span style=\"color: #000000;\"><u><strong><img loading=\"lazy\" decoding=\"async\" src=\"https:\/\/fbcdn-sphotos-g-a.akamaihd.net\/hphotos-ak-xfp1\/v\/t1.0-9\/300842_126168724146294_5136280_n.jpg?oh=0b1afc7d8fa0a3d5d91b9507fda3d5d6&amp;oe=5633D982&amp;__gda__=1444145876_29e743d99842444443d1d60cc555e9ef\" width=\"140\" height=\"187\" align=\"left\" border=\"0\" \/>Datos Personales<\/strong><\/u><br \/>\nNaci\u00f3 el 19 de Febrero de 1978 en Tartagal (Santa Fe).<\/span><\/span><\/p>\n<p><u><strong>Estudios realizados y formaci\u00f3n recibida<\/strong><\/u><br \/>\nRecibi\u00f3 el Sacramento del Orden Sagrado en el grado de Presbiterado, el 06 de Junio de 2004 en la Parroquia \u00abInmaculada Concepci\u00f3n\u00bb de Reconquista<br \/>\nLicenciado en Teolog\u00eda Dogm\u00e1tica por la Pontificia Universidad Gregoriana de Roma, Italia<\/p>\n<p><span style=\"color: #000000;\"><u><strong>Experiencia Pastoral<\/strong><\/u><br \/>\n<\/span><span style=\"color: #000000;\"><span style=\"color: #000000;\"><span style=\"font-family: Verdana,Arial,Helvetica,sans-serif; font-size: 10px; font-style: normal; line-height: normal; color: #000000;\"><span style=\"color: #000000;\"><span style=\"font-family: Verdana,Arial,Helvetica,sans-serif; font-size: 10px; font-style: normal; line-height: normal; color: #000000;\">\u2022 <\/span><\/span><\/span><\/span>Vicario Parroquial de la Parroquia \u00abInmaculada Concepci\u00f3n\u00bb de Reconquista.<br \/>\n<\/span><span style=\"color: #000000;\"><span style=\"color: #000000;\"><span style=\"font-family: Verdana,Arial,Helvetica,sans-serif; font-size: 10px; font-style: normal; line-height: normal; color: #000000;\"><span style=\"color: #000000;\"><span style=\"font-family: Verdana,Arial,Helvetica,sans-serif; font-size: 10px; font-style: normal; line-height: normal; color: #000000;\">\u2022 <\/span><\/span><\/span><\/span>Secretario Canciller y Secretario General de la Curia Diocesana de Reconquista.<br \/>\n<\/span><span style=\"color: #000000;\"><span style=\"color: #000000;\"><span style=\"font-family: Verdana,Arial,Helvetica,sans-serif; font-size: 10px; font-style: normal; line-height: normal; color: #000000;\"><span style=\"color: #000000;\"><span style=\"font-family: Verdana,Arial,Helvetica,sans-serif; font-size: 10px; font-style: normal; line-height: normal; color: #000000;\">\u2022 <\/span><\/span><\/span><\/span>Profesor del Instituto de Teolog\u00eda y Pastoral de la di\u00f3cesis.<br \/>\n<\/span><span style=\"color: #000000;\"><span style=\"color: #000000;\"><span style=\"font-family: Verdana,Arial,Helvetica,sans-serif; font-size: 10px; font-style: normal; line-height: normal; color: #000000;\"><span style=\"color: #000000;\"><span style=\"font-family: Verdana,Arial,Helvetica,sans-serif; font-size: 10px; font-style: normal; line-height: normal; color: #000000;\">\u2022 <\/span><\/span><\/span><\/span>Miembro del Consejo Diocesano de Presbiterio.<br \/>\n<\/span><span style=\"color: #000000;\"><span style=\"color: #000000;\"><span style=\"font-family: Verdana,Arial,Helvetica,sans-serif; font-size: 10px; font-style: normal; line-height: normal; color: #000000;\"><span style=\"color: #000000;\"><span style=\"font-family: Verdana,Arial,Helvetica,sans-serif; font-size: 10px; font-style: normal; line-height: normal; color: #000000;\">\u2022 <\/span><\/span><\/span><\/span>Miembro del Consejo Diocesano de Consultores.<br \/>\n<\/span><span style=\"color: #000000;\"><span style=\"color: #000000;\"><span style=\"font-family: Verdana,Arial,Helvetica,sans-serif; font-size: 10px; font-style: normal; line-height: normal; color: #000000;\"><span style=\"color: #000000;\"><span style=\"font-family: Verdana,Arial,Helvetica,sans-serif; font-size: 10px; font-style: normal; line-height: normal; color: #000000;\">\u2022 <\/span><\/span><\/span><\/span>P\u00e1rroco de la Parroquia \u00abSan Luis Gonzaga\u00bb de Calchaqu\u00ed<br \/>\n<\/span><span style=\"color: #000000;\"><span style=\"color: #000000;\"><span style=\"font-family: Verdana,Arial,Helvetica,sans-serif; font-size: 10px; font-style: normal; line-height: normal; color: #000000;\"><span style=\"color: #000000;\"><span style=\"font-family: Verdana,Arial,Helvetica,sans-serif; font-size: 10px; font-style: normal; line-height: normal; color: #000000;\">\u2022 <\/span><\/span><\/span><\/span>Profesor en el Seminario Interdiocesano \u00abLa Encarnaci\u00f3n\u00bb de Resistencia<br \/>\n<\/span><span style=\"color: #000000;\"><span style=\"color: #000000;\"><span style=\"font-family: Verdana,Arial,Helvetica,sans-serif; font-size: 10px; font-style: normal; line-height: normal; color: #000000;\"><span style=\"color: #000000;\"><span style=\"font-family: Verdana,Arial,Helvetica,sans-serif; font-size: 10px; font-style: normal; line-height: normal; color: #000000;\">\u2022 <\/span><\/span><\/span><\/span>Profesor en el Instituto Diocesano para la Formaci\u00f3n del Diaconado Permanente<br \/>\n<\/span><span style=\"color: #000000;\"><span style=\"color: #000000;\"><span style=\"font-family: Verdana,Arial,Helvetica,sans-serif; font-size: 10px; font-style: normal; line-height: normal; color: #000000;\"><span style=\"color: #000000;\"><span style=\"font-family: Verdana,Arial,Helvetica,sans-serif; font-size: 10px; font-style: normal; line-height: normal; color: #000000;\">\u2022 <\/span><\/span><\/span><\/span>Profesor en la Facultad de Derecho y Ciencias Ec\u00f3nomicas de la Universidad Cat\u00f3lica de Santa Fe<br \/>\n<\/span><span style=\"color: #000000;\"><span style=\"color: #000000;\"><span style=\"font-family: Verdana,Arial,Helvetica,sans-serif; font-size: 10px; font-style: normal; line-height: normal; color: #000000;\"><span style=\"color: #000000;\"><span style=\"font-family: Verdana,Arial,Helvetica,sans-serif; font-size: 10px; font-style: normal; line-height: normal; color: #000000;\">\u2022 <\/span><\/span><\/span><\/span>Profesor en el Instituto Diocesano de Teolog\u00eda y Pastoral \u00abJuan Pablo II\u00bb Oficio Pastoral Actual<\/span><\/p>\n<\/div>\n<div align=\"justify\">\n<p><span style=\"color: #000000;\"><u><strong>Oficio Pastoral Actual<\/strong><\/u><\/span><\/p>\n<p>Rector del Seminario Interdiocesano \u00abLa Encarnaci\u00f3n\u00bb<\/p>\n<\/div>\n<div align=\"justify\"><span style=\"color: #000000;\">\u00a0<\/span><\/div>\n<div align=\"justify\"><span style=\"color: #000000;\"><u><strong>Asesor\u00edas<\/strong><\/u><\/span><\/div>\n<div align=\"justify\"><span style=\"color: #000000;\"><br \/>\n<u><strong>Domicilio:<\/strong><\/u><\/span><\/div>\n<p><!-- [if gte mso 9]><xml>  <w:WordDocument>   <w:View>Normal<\/w:View>   <w:Zoom>0<\/w:Zoom>   <w:HyphenationZone>21<\/w:HyphenationZone>   <w:PunctuationKerning\/>   <w:ValidateAgainstSchemas\/>   <w:SaveIfXMLInvalid>false<\/w:SaveIfXMLInvalid>   <w:IgnoreMixedContent>false<\/w:IgnoreMixedContent>   <w:AlwaysShowPlaceholderText>false<\/w:AlwaysShowPlaceholderText>   <w:Compatibility>    <w:BreakWrappedTables\/>    <w:SnapToGridInCell\/>    <w:WrapTextWithPunct\/>    <w:UseAsianBreakRules\/>    <w:DontGrowAutofit\/>   <\/w:Compatibility>   <w:BrowserLevel>MicrosoftInternetExplorer4<\/w:BrowserLevel>  <\/w:WordDocument> <\/xml><![endif]--><!-- [if gte mso 9]><xml>  <w:LatentStyles DefLockedState=\"false\" LatentStyleCount=\"156\">  <\/w:LatentStyles> <\/xml><![endif]--><!-- [if !mso]>\n\n\n<div   classid=\"clsid:38481807-CA0E-42D2-BF39-B33AF135CC4D\" id=ieooui><\/div>\n\n\n\n\n<style> st1\\:*{behavior:url(#ieooui) } <\/style>\n\n\n\n <![endif]--> <!--  \/* Style Definitions *\/  p.MsoNormal, li.MsoNormal, div.MsoNormal \t{mso-style-parent:\"\"; \tmargin:0cm; \tmargin-bottom:.0001pt; \tmso-pagination:widow-orphan; \tfont-size:12.0pt; \tfont-family:\"Times New Roman\"; \tmso-fareast-font-family:\"Times New Roman\";} @page Section1 \t{size:612.0pt 792.0pt; \tmargin:70.85pt 3.0cm 70.85pt 3.0cm; \tmso-header-margin:36.0pt; \tmso-footer-margin:36.0pt; \tmso-paper-source:0;} div.Section1 \t{page:Section1;} --> <!-- [if gte mso 10]> \n\n\n\n<style>  \/* Style Definitions *\/  table.MsoNormalTable \t{mso-style-name:\"Tabla normal\"; \tmso-tstyle-rowband-size:0; \tmso-tstyle-colband-size:0; \tmso-style-noshow:yes; \tmso-style-parent:\"\"; \tmso-padding-alt:0cm 5.4pt 0cm 5.4pt; \tmso-para-margin:0cm; \tmso-para-margin-bottom:.0001pt; \tmso-pagination:widow-orphan; \tfont-size:10.0pt; \tfont-family:\"Times New Roman\"; \tmso-ansi-language:#0400; \tmso-fareast-language:#0400; \tmso-bidi-language:#0400;} <\/style>\n\n\n\n <![endif]--><\/p>\n<\/div>\n","protected":false},"excerpt":{"rendered":"<div class=\"mh-excerpt\"><p>Datos Personales Naci\u00f3 el 19 de Febrero de 1978 en Tartagal (Santa Fe). Estudios realizados y formaci\u00f3n recibida Recibi\u00f3 el Sacramento del Orden Sagrado en <a class=\"mh-excerpt-more\" href=\"https:\/\/www.obispadorqta.org.ar\/v3\/taibo-ruben-abel\/\" title=\"TAIBO, Rub\u00e9n Abel\">[&#8230;]<\/a><\/p>\n<\/div>","protected":false},"author":1,"featured_media":0,"comment_status":"closed","ping_status":"open","sticky":false,"template":"","format":"standard","meta":{"footnotes":""},"categories":[59],"tags":[],"class_list":["post-178","post","type-post","status-publish","format-standard","hentry","category-presbiteros-diocesanos"],"_links":{"self":[{"href":"https:\/\/www.obispadorqta.org.ar\/v3\/wp-json\/wp\/v2\/posts\/178","targetHints":{"allow":["GET"]}}],"collection":[{"href":"https:\/\/www.obispadorqta.org.ar\/v3\/wp-json\/wp\/v2\/posts"}],"about":[{"href":"https:\/\/www.obispadorqta.org.ar\/v3\/wp-json\/wp\/v2\/types\/post"}],"author":[{"embeddable":true,"href":"https:\/\/www.obispadorqta.org.ar\/v3\/wp-json\/wp\/v2\/users\/1"}],"replies":[{"embeddable":true,"href":"https:\/\/www.obispadorqta.org.ar\/v3\/wp-json\/wp\/v2\/comments?post=178"}],"version-history":[{"count":2,"href":"https:\/\/www.obispadorqta.org.ar\/v3\/wp-json\/wp\/v2\/posts\/178\/revisions"}],"predecessor-version":[{"id":9603,"href":"https:\/\/www.obispadorqta.org.ar\/v3\/wp-json\/wp\/v2\/posts\/178\/revisions\/9603"}],"wp:attachment":[{"href":"https:\/\/www.obispadorqta.org.ar\/v3\/wp-json\/wp\/v2\/media?parent=178"}],"wp:term":[{"taxonomy":"category","embeddable":true,"href":"https:\/\/www.obispadorqta.org.ar\/v3\/wp-json\/wp\/v2\/categories?post=178"},{"taxonomy":"post_tag","embeddable":true,"href":"https:\/\/www.obispadorqta.org.ar\/v3\/wp-json\/wp\/v2\/tags?post=178"}],"curies":[{"name":"wp","href":"https:\/\/api.w.org\/{rel}","templated":true}]}}