{"id":1789,"date":"2017-07-04T14:26:00","date_gmt":"2017-07-04T14:26:00","guid":{"rendered":"http:\/\/www.obispadorqta.org.ar\/v3\/?p=1789"},"modified":"2017-07-04T14:26:54","modified_gmt":"2017-07-04T14:26:54","slug":"salud-del-p-tomas-spanghero","status":"publish","type":"post","link":"https:\/\/www.obispadorqta.org.ar\/v3\/salud-del-p-tomas-spanghero\/","title":{"rendered":"SALUD DEL P. TOM\u00c1S SPANGHERO"},"content":{"rendered":"<p style=\"text-align: justify;\"><span style=\"color: #000000;\">Comunicamos que el d\u00eda s\u00e1bado 1 de Julio, el P. Tom\u00e1s ha superado con \u00e9xito una intervenci\u00f3n quir\u00fargica, en la cual le extirparon un ri\u00f1\u00f3n afectado por un tumor. Internado en un nosocomio de la ciudad de Buenos Aires, su recuperaci\u00f3n, hasta el momento, ha sido satisfactoria.<\/span><\/p>\n<p style=\"text-align: justify;\"><span style=\"color: #000000;\">En los pr\u00f3ximos d\u00edas seguir\u00e1 internado en sala de cuidados comunes para el tratamiento postoperatorio.<\/span><\/p>\n<p style=\"text-align: justify;\"><span style=\"color: #000000;\">Agradecemos las oraciones de todos, y seguimos confiando al Se\u00f1or la vida del P. Tom\u00e1s.<\/span><\/p>\n","protected":false},"excerpt":{"rendered":"<div class=\"mh-excerpt\"><p>Comunicamos que el d\u00eda s\u00e1bado 1 de Julio, el P. Tom\u00e1s ha superado con \u00e9xito una intervenci\u00f3n quir\u00fargica, en la cual le extirparon un ri\u00f1\u00f3n <a class=\"mh-excerpt-more\" href=\"https:\/\/www.obispadorqta.org.ar\/v3\/salud-del-p-tomas-spanghero\/\" title=\"SALUD DEL P. TOM\u00c1S SPANGHERO\">[&#8230;]<\/a><\/p>\n<\/div>","protected":false},"author":3,"featured_media":1790,"comment_status":"closed","ping_status":"open","sticky":false,"template":"","format":"standard","meta":{"footnotes":""},"categories":[28],"tags":[],"class_list":["post-1789","post","type-post","status-publish","format-standard","has-post-thumbnail","hentry","category-latest-news"],"_links":{"self":[{"href":"https:\/\/www.obispadorqta.org.ar\/v3\/wp-json\/wp\/v2\/posts\/1789","targetHints":{"allow":["GET"]}}],"collection":[{"href":"https:\/\/www.obispadorqta.org.ar\/v3\/wp-json\/wp\/v2\/posts"}],"about":[{"href":"https:\/\/www.obispadorqta.org.ar\/v3\/wp-json\/wp\/v2\/types\/post"}],"author":[{"embeddable":true,"href":"https:\/\/www.obispadorqta.org.ar\/v3\/wp-json\/wp\/v2\/users\/3"}],"replies":[{"embeddable":true,"href":"https:\/\/www.obispadorqta.org.ar\/v3\/wp-json\/wp\/v2\/comments?post=1789"}],"version-history":[{"count":1,"href":"https:\/\/www.obispadorqta.org.ar\/v3\/wp-json\/wp\/v2\/posts\/1789\/revisions"}],"predecessor-version":[{"id":1791,"href":"https:\/\/www.obispadorqta.org.ar\/v3\/wp-json\/wp\/v2\/posts\/1789\/revisions\/1791"}],"wp:featuredmedia":[{"embeddable":true,"href":"https:\/\/www.obispadorqta.org.ar\/v3\/wp-json\/wp\/v2\/media\/1790"}],"wp:attachment":[{"href":"https:\/\/www.obispadorqta.org.ar\/v3\/wp-json\/wp\/v2\/media?parent=1789"}],"wp:term":[{"taxonomy":"category","embeddable":true,"href":"https:\/\/www.obispadorqta.org.ar\/v3\/wp-json\/wp\/v2\/categories?post=1789"},{"taxonomy":"post_tag","embeddable":true,"href":"https:\/\/www.obispadorqta.org.ar\/v3\/wp-json\/wp\/v2\/tags?post=1789"}],"curies":[{"name":"wp","href":"https:\/\/api.w.org\/{rel}","templated":true}]}}