{"id":179,"date":"2009-09-02T20:02:03","date_gmt":"2009-09-02T20:02:03","guid":{"rendered":"http:\/\/www.obispadorqta.org.ar\/v3\/troche-silvio-2\/"},"modified":"2022-07-15T09:50:41","modified_gmt":"2022-07-15T12:50:41","slug":"troche-silvio-2","status":"publish","type":"post","link":"https:\/\/www.obispadorqta.org.ar\/v3\/troche-silvio-2\/","title":{"rendered":"SPLAWINSKI, Juan Sebasti\u00e1n"},"content":{"rendered":"<p align=\"justify\"><!--[if gte mso 9]><xml>  <w:WordDocument>   <w:View>Normal<\/w:View>   <w:Zoom>0<\/w:Zoom>   <w:HyphenationZone>21<\/w:HyphenationZone>   <w:PunctuationKerning\/>   <w:ValidateAgainstSchemas\/>   <w:SaveIfXMLInvalid>false<\/w:SaveIfXMLInvalid>   <w:IgnoreMixedContent>false<\/w:IgnoreMixedContent>   <w:AlwaysShowPlaceholderText>false<\/w:AlwaysShowPlaceholderText>   <w:Compatibility>    <w:BreakWrappedTables\/>    <w:SnapToGridInCell\/>    <w:WrapTextWithPunct\/>    <w:UseAsianBreakRules\/>    <w:DontGrowAutofit\/>   <\/w:Compatibility>   <w:BrowserLevel>MicrosoftInternetExplorer4<\/w:BrowserLevel>  <\/w:WordDocument> <\/xml><![endif]--><!--[if gte mso 9]><xml>  <w:LatentStyles DefLockedState=\"false\" LatentStyleCount=\"156\">  <\/w:LatentStyles> <\/xml><![endif]--><!--[if !mso]>\n\n\n<div   classid=\"clsid:38481807-CA0E-42D2-BF39-B33AF135CC4D\" id=ieooui><\/div>\n\n\n\n\n<style> st1\\:*{behavior:url(#ieooui) } <\/style>\n\n\n\n <![endif]--> <!--  \/* Style Definitions *\/  p.MsoNormal, li.MsoNormal, div.MsoNormal \t{mso-style-parent:\"\"; \tmargin:0cm; \tmargin-bottom:.0001pt; \tmso-pagination:widow-orphan; \tfont-size:12.0pt; \tfont-family:\"Times New Roman\"; \tmso-fareast-font-family:\"Times New Roman\";} @page Section1 \t{size:612.0pt 792.0pt; \tmargin:70.85pt 3.0cm 70.85pt 3.0cm; \tmso-header-margin:36.0pt; \tmso-footer-margin:36.0pt; \tmso-paper-source:0;} div.Section1 \t{page:Section1;} --> <!--[if gte mso 10]> \n\n\n\n<style>  \/* Style Definitions *\/  table.MsoNormalTable \t{mso-style-name:\"Tabla normal\"; \tmso-tstyle-rowband-size:0; \tmso-tstyle-colband-size:0; \tmso-style-noshow:yes; \tmso-style-parent:\"\"; \tmso-padding-alt:0cm 5.4pt 0cm 5.4pt; \tmso-para-margin:0cm; \tmso-para-margin-bottom:.0001pt; \tmso-pagination:widow-orphan; \tfont-size:10.0pt; \tfont-family:\"Times New Roman\"; \tmso-ansi-language:#0400; \tmso-fareast-language:#0400; \tmso-bidi-language:#0400;} <\/style>\n\n\n\n <![endif]--><font style=\"font-family: Verdana, Arial, Helvetica, sans-serif; font-size: 10px; font-style: normal; line-height: normal\" color=\"#000000\"><strong><u><img loading=\"lazy\" decoding=\"async\" src=\"https:\/\/scontent-gru1-1.xx.fbcdn.net\/hphotos-xaf1\/v\/t1.0-9\/228911_126173067479193_2549216_n.jpg?oh=ab72c920815ed41d4cafaa47d0c226fe&amp;oe=55E7DF9A\" border=\"0\" width=\"136\" height=\"141\" align=\"left\">Datos personales<\/u><\/strong><br \/>\nNaci\u00f3 el 14 de Junio de 1981 en Villaguay, Entre R\u00edos.<\/font><\/p>\n<p align=\"justify\"><font style=\"font-family: Verdana, Arial, Helvetica, sans-serif; font-size: 10px; font-style: normal; line-height: normal\" color=\"#000000\"><u><strong>Estudios realizados y Formaci\u00f3n recibida<\/strong><\/u><br \/>\nRecibi\u00f3 el Sacramento del Orden Sagrado en el grado de Presbiterado el d\u00eda 19 de diciembre de 2009 en la Parroquia \u00abNuestra Se\u00f1ora de la Merced\u00bb de Avellaneda.<\/font><\/p>\n<p align=\"justify\"><font style=\"font-family: Verdana, Arial, Helvetica, sans-serif; font-size: 10px; font-style: normal; line-height: normal\" color=\"#000000\"><u><strong>Experiencia Pastoral<\/strong><\/u><br \/>\n<\/font><font style=\"font-family: Verdana, Arial, Helvetica, sans-serif; font-size: 10px; font-style: normal; line-height: normal\" color=\"#000000\"><font style=\"font-family: Verdana, Arial, Helvetica, sans-serif; font-size: 10px; font-style: normal; line-height: normal\" color=\"#000000\"><font color=\"#000000\"><font style=\"font-family: Verdana, Arial, Helvetica, sans-serif; font-size: 10px; font-style: normal; line-height: normal\" color=\"#000000\"><font color=\"#000000\"><font style=\"font-family: Verdana, Arial, Helvetica, sans-serif; font-size: 10px; font-style: normal; line-height: normal\" color=\"#000000\">\u2022 <\/font><\/font><\/font><\/font><\/font>Vicario de la Parroquia \u00abNuestra Se\u00f1ora de la Merced\u00bb de Avellaneda.<br \/>\n<\/font><font style=\"font-family: Verdana, Arial, Helvetica, sans-serif; font-size: 10px; font-style: normal; line-height: normal\" color=\"#000000\"><font style=\"font-family: Verdana, Arial, Helvetica, sans-serif; font-size: 10px; font-style: normal; line-height: normal\" color=\"#000000\"><font color=\"#000000\"><font style=\"font-family: Verdana, Arial, Helvetica, sans-serif; font-size: 10px; font-style: normal; line-height: normal\" color=\"#000000\"><font color=\"#000000\"><font style=\"font-family: Verdana, Arial, Helvetica, sans-serif; font-size: 10px; font-style: normal; line-height: normal\" color=\"#000000\">\u2022 <\/font><\/font><\/font><\/font><\/font>Equipo Diocesano de Comunicaci\u00f3n Social<\/font><\/p>\n<p align=\"justify\">&nbsp;<\/p>\n<p align=\"justify\"><u style=\"font-family: Verdana, Arial, Helvetica, sans-serif; font-size: 10px; line-height: normal; color: #000000\"><strong>Oficio Pastoral Actual<\/strong><\/u><\/p>\n<p><span style=\"color: #000000; font-family: Verdana, Arial, Helvetica, sans-serif; font-size: 10px; line-height: normal\">\u2022<\/span><font style=\"font-family: Verdana, Arial, Helvetica, sans-serif; font-size: 10px; line-height: normal\" color=\"#000000\">Administrador parroquial de la parroquia \u00abSagrado Coraz\u00f3n de Jes\u00fas\u00bb de La Gallareta<\/font><br \/>\n<span style=\"color: #000000; font-family: Verdana, Arial, Helvetica, sans-serif; font-size: 10px; line-height: normal\">\u2022<\/span><font style=\"font-family: Verdana, Arial, Helvetica, sans-serif; font-size: 10px; line-height: normal\" color=\"#000000\">Vicario parroquial de la parroquia \u00abSan Juan Bautista\u00bb de Vera<\/font><\/p>\n<p><u style=\"font-family: Verdana, Arial, Helvetica, sans-serif; font-size: 10px; line-height: normal; color: #000000\"><strong>Asesor\u00edas<\/strong><\/u><br \/>\n<span style=\"font-family: Verdana, Arial, Helvetica, sans-serif; font-size: 10px; line-height: normal; color: #000000\">Asesor de la Pastoral Carcelaria Diocesana<\/span><\/p>\n<p><u style=\"color: #000000; font-family: Verdana, Arial, Helvetica, sans-serif; font-size: 10px; line-height: normal\"><strong>Domicilio:<\/strong><\/u><span style=\"color: #000000; font-family: Verdana, Arial, Helvetica, sans-serif; font-size: 10px; line-height: normal\"> Zona Urbana de La Gallareta<\/span><\/p>\n<p style=\"font-family: Verdana, Arial, Helvetica, sans-serif; font-size: 10px; font-style: normal; line-height: normal\" align=\"justify\"><font color=\"#000000\"><span style=\"white-space: pre\" class=\"Apple-tab-span\">\t\t<\/span>Tel.: (03483) 496064&nbsp; &nbsp; &nbsp; &nbsp; &nbsp; &nbsp; &nbsp;&nbsp;<\/font><\/p>\n<p style=\"font-family: Verdana, Arial, Helvetica, sans-serif; font-size: 10px; font-style: normal; line-height: normal\" align=\"justify\"><u><strong><br \/>\n<\/strong><\/u><\/p>\n","protected":false},"excerpt":{"rendered":"<div class=\"mh-excerpt\"><p>Datos personales Naci\u00f3 el 14 de Junio de 1981 en Villaguay, Entre R\u00edos. Estudios realizados y Formaci\u00f3n recibida Recibi\u00f3 el Sacramento del Orden Sagrado en <a class=\"mh-excerpt-more\" href=\"https:\/\/www.obispadorqta.org.ar\/v3\/troche-silvio-2\/\" title=\"SPLAWINSKI, Juan Sebasti\u00e1n\">[&#8230;]<\/a><\/p>\n<\/div>","protected":false},"author":1,"featured_media":0,"comment_status":"closed","ping_status":"open","sticky":false,"template":"","format":"standard","meta":{"footnotes":""},"categories":[59],"tags":[],"class_list":["post-179","post","type-post","status-publish","format-standard","hentry","category-presbiteros-diocesanos"],"_links":{"self":[{"href":"https:\/\/www.obispadorqta.org.ar\/v3\/wp-json\/wp\/v2\/posts\/179","targetHints":{"allow":["GET"]}}],"collection":[{"href":"https:\/\/www.obispadorqta.org.ar\/v3\/wp-json\/wp\/v2\/posts"}],"about":[{"href":"https:\/\/www.obispadorqta.org.ar\/v3\/wp-json\/wp\/v2\/types\/post"}],"author":[{"embeddable":true,"href":"https:\/\/www.obispadorqta.org.ar\/v3\/wp-json\/wp\/v2\/users\/1"}],"replies":[{"embeddable":true,"href":"https:\/\/www.obispadorqta.org.ar\/v3\/wp-json\/wp\/v2\/comments?post=179"}],"version-history":[{"count":3,"href":"https:\/\/www.obispadorqta.org.ar\/v3\/wp-json\/wp\/v2\/posts\/179\/revisions"}],"predecessor-version":[{"id":7783,"href":"https:\/\/www.obispadorqta.org.ar\/v3\/wp-json\/wp\/v2\/posts\/179\/revisions\/7783"}],"wp:attachment":[{"href":"https:\/\/www.obispadorqta.org.ar\/v3\/wp-json\/wp\/v2\/media?parent=179"}],"wp:term":[{"taxonomy":"category","embeddable":true,"href":"https:\/\/www.obispadorqta.org.ar\/v3\/wp-json\/wp\/v2\/categories?post=179"},{"taxonomy":"post_tag","embeddable":true,"href":"https:\/\/www.obispadorqta.org.ar\/v3\/wp-json\/wp\/v2\/tags?post=179"}],"curies":[{"name":"wp","href":"https:\/\/api.w.org\/{rel}","templated":true}]}}