{"id":1798,"date":"2017-07-07T14:38:49","date_gmt":"2017-07-07T14:38:49","guid":{"rendered":"http:\/\/www.obispadorqta.org.ar\/v3\/?p=1798"},"modified":"2017-07-31T12:15:59","modified_gmt":"2017-07-31T12:15:59","slug":"estado-de-salud-del-p-tomas","status":"publish","type":"post","link":"https:\/\/www.obispadorqta.org.ar\/v3\/estado-de-salud-del-p-tomas\/","title":{"rendered":"ESTADO DE SALUD DEL P. TOM\u00c1S"},"content":{"rendered":"<p style=\"text-align: justify;\">Agradecemos a todos aquellos que est\u00e1n rezando por la salud del P. Tom\u00e1s Spanghero, por la comunidad de Villa Ocampo y por su familia.<\/p>\n<p style=\"text-align: justify;\">Informamos que el P. Tom\u00e1s est\u00e1 con buen estado de \u00e1nimo y ofreciendo su enfermedad por la di\u00f3cesis y por su gente.<\/p>\n<p style=\"text-align: justify;\">En el marco de su proceso de recuperaci\u00f3n, el pr\u00f3ximo mi\u00e9rcoles ser\u00e1 nuevamente intervenido quir\u00fargicamente en el f\u00e9mur, donde se le colocar\u00e1 una pr\u00f3tesis. Oportunamente daremos a conocer el resultado de esta operaci\u00f3n y los pasos siguientes en su tratamiento.<\/p>\n<p style=\"text-align: justify;\">Seguimos confiando su vida y su ministerio a Jes\u00fas, Buen Pastor, y a Mar\u00eda, Madre Inmaculada.<\/p>\n","protected":false},"excerpt":{"rendered":"<div class=\"mh-excerpt\"><p>Agradecemos a todos aquellos que est\u00e1n rezando por la salud del P. Tom\u00e1s Spanghero, por la comunidad de Villa Ocampo y por su familia. Informamos <a class=\"mh-excerpt-more\" href=\"https:\/\/www.obispadorqta.org.ar\/v3\/estado-de-salud-del-p-tomas\/\" title=\"ESTADO DE SALUD DEL P. TOM\u00c1S\">[&#8230;]<\/a><\/p>\n<\/div>","protected":false},"author":2,"featured_media":1790,"comment_status":"closed","ping_status":"open","sticky":false,"template":"","format":"standard","meta":{"footnotes":""},"categories":[28],"tags":[],"class_list":["post-1798","post","type-post","status-publish","format-standard","has-post-thumbnail","hentry","category-latest-news"],"_links":{"self":[{"href":"https:\/\/www.obispadorqta.org.ar\/v3\/wp-json\/wp\/v2\/posts\/1798","targetHints":{"allow":["GET"]}}],"collection":[{"href":"https:\/\/www.obispadorqta.org.ar\/v3\/wp-json\/wp\/v2\/posts"}],"about":[{"href":"https:\/\/www.obispadorqta.org.ar\/v3\/wp-json\/wp\/v2\/types\/post"}],"author":[{"embeddable":true,"href":"https:\/\/www.obispadorqta.org.ar\/v3\/wp-json\/wp\/v2\/users\/2"}],"replies":[{"embeddable":true,"href":"https:\/\/www.obispadorqta.org.ar\/v3\/wp-json\/wp\/v2\/comments?post=1798"}],"version-history":[{"count":4,"href":"https:\/\/www.obispadorqta.org.ar\/v3\/wp-json\/wp\/v2\/posts\/1798\/revisions"}],"predecessor-version":[{"id":1802,"href":"https:\/\/www.obispadorqta.org.ar\/v3\/wp-json\/wp\/v2\/posts\/1798\/revisions\/1802"}],"wp:featuredmedia":[{"embeddable":true,"href":"https:\/\/www.obispadorqta.org.ar\/v3\/wp-json\/wp\/v2\/media\/1790"}],"wp:attachment":[{"href":"https:\/\/www.obispadorqta.org.ar\/v3\/wp-json\/wp\/v2\/media?parent=1798"}],"wp:term":[{"taxonomy":"category","embeddable":true,"href":"https:\/\/www.obispadorqta.org.ar\/v3\/wp-json\/wp\/v2\/categories?post=1798"},{"taxonomy":"post_tag","embeddable":true,"href":"https:\/\/www.obispadorqta.org.ar\/v3\/wp-json\/wp\/v2\/tags?post=1798"}],"curies":[{"name":"wp","href":"https:\/\/api.w.org\/{rel}","templated":true}]}}