{"id":1803,"date":"2017-07-10T14:07:55","date_gmt":"2017-07-10T14:07:55","guid":{"rendered":"http:\/\/www.obispadorqta.org.ar\/v3\/?p=1803"},"modified":"2017-07-10T14:12:49","modified_gmt":"2017-07-10T14:12:49","slug":"por-un-campo-mas-humano-y-mas-cristiano","status":"publish","type":"post","link":"https:\/\/www.obispadorqta.org.ar\/v3\/por-un-campo-mas-humano-y-mas-cristiano\/","title":{"rendered":"\u201cPor un campo m\u00e1s humano y m\u00e1s cristiano\u201d"},"content":{"rendered":"<p style=\"text-align: center;\">Curso de formaci\u00f3n integral de segundo nivel, para j\u00f3venes rurales.<br \/>\nDel 10 al 13 de julio de 2017. EFA, Esp\u00edn.<\/p>\n<p style=\"text-align: justify;\">Organiza: Movimiento Rural Diocesano.<\/p>\n<p style=\"text-align: justify;\"><strong>Lema:<\/strong> \u201cPor un campo m\u00e1s humano y m\u00e1s cristiano\u201d<\/p>\n<p style=\"text-align: justify;\"><strong>Objetivos:<\/strong><\/p>\n<ul style=\"text-align: justify;\">\n<li>Brindar herramientas para la formaci\u00f3n integral de la persona.<\/li>\n<li>Generar un espacio de encuentro y reflexi\u00f3n entre los j\u00f3venes rurales de la Di\u00f3cesis de Reconquista.<\/li>\n<li>Fortalecer los v\u00ednculos familiares desde la formaci\u00f3n en valores de los j\u00f3venes.<\/li>\n<\/ul>\n<p style=\"text-align: justify;\"><strong><u>Programa<\/u><\/strong><\/p>\n<p style=\"text-align: justify;\"><strong>Lunes 10\/07:<\/strong>desde las 15 hs.<\/p>\n<p style=\"text-align: justify;\">\u00a0&#8211; Presentaci\u00f3n del Equipo organizador y de cursillistas<\/p>\n<ul style=\"text-align: justify;\">\n<li>Presentaci\u00f3n del curso: Marco de los 60 a\u00f1os de la di\u00f3cesis.<\/li>\n<li>Diagn\u00f3stico: Pulso de la sociedad desde la piel de los j\u00f3venes.<\/li>\n<li>Actividades recreativas guiadas, con el objetivo de trabajar el valor del encuentro y la creatividad como alma de todo ser humano.<\/li>\n<\/ul>\n<p style=\"text-align: justify;\"><strong>Martes 11\/07:<\/strong><\/p>\n<p style=\"text-align: justify;\">Ma\u00f1ana:\u00a0\u00a0\u00a0\u00a0\u00a0 &#8211; Llamado \u2013 Vocaci\u00f3n \u2013 Misi\u00f3n.<\/p>\n<p style=\"text-align: justify;\">Tarde: \u00a0\u00a0\u00a0\u00a0\u00a0\u00a0\u00a0 &#8211; La familia en el Plan de Dios. \u00bfDesaf\u00edo hoy?<\/p>\n<p style=\"text-align: justify;\">&#8211; Biblia: \u00bfSer\u00e1 que Jes\u00fas no sigue hablando hoy? \u00bfQui\u00e9n es Jes\u00fas?<\/p>\n<p style=\"text-align: justify;\"><strong>Mi\u00e9rcoles 12\/ 07:<\/strong><\/p>\n<p style=\"text-align: justify;\">Ma\u00f1ana:\u00a0\u00a0\u00a0\u00a0\u00a0 &#8211; La comunicaci\u00f3n humana vs medios de comunicaci\u00f3n.<\/p>\n<p style=\"text-align: justify;\">Tarde: \u00a0\u00a0\u00a0\u00a0\u00a0\u00a0\u00a0 &#8211; La comunidad \u2013 El Bien Com\u00fan.<\/p>\n<p style=\"text-align: justify;\">&#8211; Fog\u00f3n tem\u00e1tico.<\/p>\n<p style=\"text-align: justify;\"><strong>Jueves 13\/07:<\/strong><\/p>\n<p style=\"text-align: justify;\">Ma\u00f1ana: &#8211; Doc. Soc. Iglesia: Iglesia Madre y Maestra a trav\u00e9s de la palabra de sus pastores. (EvangelliGaudium \u2013 Laudato si \u2013 AmorisLaetitia)<\/p>\n<ul style=\"text-align: justify;\">\n<li>Evaluaci\u00f3n del curso.<\/li>\n<\/ul>\n<p style=\"text-align: justify;\"><strong>15,30 Hs. : Santa Misa de env\u00edo. Donde est\u00e1n invitados <\/strong><strong>todos los que deseen participar de la misma.<\/strong><\/p>\n","protected":false},"excerpt":{"rendered":"<div class=\"mh-excerpt\"><p>Curso de formaci\u00f3n integral de segundo nivel, para j\u00f3venes rurales. Del 10 al 13 de julio de 2017. EFA, Esp\u00edn. Organiza: Movimiento Rural Diocesano. Lema: <a class=\"mh-excerpt-more\" href=\"https:\/\/www.obispadorqta.org.ar\/v3\/por-un-campo-mas-humano-y-mas-cristiano\/\" title=\"\u201cPor un campo m\u00e1s humano y m\u00e1s cristiano\u201d\">[&#8230;]<\/a><\/p>\n<\/div>","protected":false},"author":2,"featured_media":1806,"comment_status":"closed","ping_status":"open","sticky":false,"template":"","format":"standard","meta":{"footnotes":""},"categories":[28],"tags":[],"class_list":["post-1803","post","type-post","status-publish","format-standard","has-post-thumbnail","hentry","category-latest-news"],"_links":{"self":[{"href":"https:\/\/www.obispadorqta.org.ar\/v3\/wp-json\/wp\/v2\/posts\/1803","targetHints":{"allow":["GET"]}}],"collection":[{"href":"https:\/\/www.obispadorqta.org.ar\/v3\/wp-json\/wp\/v2\/posts"}],"about":[{"href":"https:\/\/www.obispadorqta.org.ar\/v3\/wp-json\/wp\/v2\/types\/post"}],"author":[{"embeddable":true,"href":"https:\/\/www.obispadorqta.org.ar\/v3\/wp-json\/wp\/v2\/users\/2"}],"replies":[{"embeddable":true,"href":"https:\/\/www.obispadorqta.org.ar\/v3\/wp-json\/wp\/v2\/comments?post=1803"}],"version-history":[{"count":2,"href":"https:\/\/www.obispadorqta.org.ar\/v3\/wp-json\/wp\/v2\/posts\/1803\/revisions"}],"predecessor-version":[{"id":1807,"href":"https:\/\/www.obispadorqta.org.ar\/v3\/wp-json\/wp\/v2\/posts\/1803\/revisions\/1807"}],"wp:featuredmedia":[{"embeddable":true,"href":"https:\/\/www.obispadorqta.org.ar\/v3\/wp-json\/wp\/v2\/media\/1806"}],"wp:attachment":[{"href":"https:\/\/www.obispadorqta.org.ar\/v3\/wp-json\/wp\/v2\/media?parent=1803"}],"wp:term":[{"taxonomy":"category","embeddable":true,"href":"https:\/\/www.obispadorqta.org.ar\/v3\/wp-json\/wp\/v2\/categories?post=1803"},{"taxonomy":"post_tag","embeddable":true,"href":"https:\/\/www.obispadorqta.org.ar\/v3\/wp-json\/wp\/v2\/tags?post=1803"}],"curies":[{"name":"wp","href":"https:\/\/api.w.org\/{rel}","templated":true}]}}