{"id":181,"date":"2009-09-02T20:05:10","date_gmt":"2009-09-02T20:05:10","guid":{"rendered":"http:\/\/www.obispadorqta.org.ar\/v3\/ramos-eduardo-fabian\/"},"modified":"2024-03-05T10:13:43","modified_gmt":"2024-03-05T13:13:43","slug":"ramos-eduardo-fabian","status":"publish","type":"post","link":"https:\/\/www.obispadorqta.org.ar\/v3\/ramos-eduardo-fabian\/","title":{"rendered":"RAMOS, Eduardo Fabi\u00e1n"},"content":{"rendered":"<p><span style=\"font-family: Verdana, Arial, Helvetica, sans-serif; font-size: 10px; font-style: normal; line-height: normal; color: #000000;\"><u><strong>\u00a0<\/strong><\/u><\/span><\/p>\n<div style=\"text-align: left;\"><span style=\"font-family: Verdana, Arial, Helvetica, sans-serif; font-size: 10px; font-style: normal; line-height: normal; color: #000000;\"><u><strong><span style=\"color: #000000;\"><u><strong><img loading=\"lazy\" decoding=\"async\" class=\" wp-image-8541 alignleft\" src=\"https:\/\/www.obispadorqta.org.ar\/v3\/wp-content\/uploads\/2023\/02\/IMG-20230217-WA0006.jpg\" alt=\"\" width=\"150\" height=\"240\" srcset=\"https:\/\/www.obispadorqta.org.ar\/v3\/wp-content\/uploads\/2023\/02\/IMG-20230217-WA0006.jpg 216w, https:\/\/www.obispadorqta.org.ar\/v3\/wp-content\/uploads\/2023\/02\/IMG-20230217-WA0006-188x300.jpg 188w\" sizes=\"auto, (max-width: 150px) 100vw, 150px\" \/>Datos Personales<\/strong><\/u><\/span><\/strong><\/u><\/span><\/div>\n<div style=\"text-align: left;\">Naci\u00f3 el 10 de Septiembre de 1962<\/div>\n<div style=\"text-align: left;\"><\/div>\n<div style=\"text-align: left;\"><u style=\"font-family: Verdana, Arial, Helvetica, sans-serif; font-size: 10px; line-height: normal; color: #000000;\"><strong>Estudios realizados y formaci\u00f3n recibida<\/strong><\/u><\/div>\n<div style=\"text-align: left;\">Recibi\u00f3 el Sacramento del Orden Sagrado en el grado de Presbiterado, el 12 de Octubre de 2003.<\/div>\n<div style=\"text-align: left;\">Licenciado en Teolog\u00eda Espiritual por la Universidad Pontificia de Comillas, Madrid &#8211; Espa\u00f1a<\/div>\n<div style=\"text-align: left;\"><\/div>\n<div style=\"text-align: left;\"><u style=\"font-family: Verdana, Arial, Helvetica, sans-serif; font-size: 10px; line-height: normal; color: #000000;\"><strong>Experiencia Pastoral<\/strong><\/u><\/div>\n<div style=\"text-align: left;\"><span style=\"font-family: Verdana, Arial, Helvetica, sans-serif; font-size: 10px; font-style: normal; line-height: normal; color: #000000;\"><span style=\"color: #000000;\"><span style=\"color: #000000;\"><span style=\"color: #000000;\"><span style=\"color: #000000;\"><span style=\"color: #000000;\">\u2022 <\/span><\/span><\/span><\/span><\/span><\/span>Cura P\u00e1rroco de la Parroquia \u00abSan Luis Gonzaga\u00bb de Calchaqu\u00ed.<\/div>\n<div style=\"text-align: left;\"><span style=\"font-family: Verdana, Arial, Helvetica, sans-serif; font-size: 10px; font-style: normal; line-height: normal; color: #000000;\"><span style=\"color: #000000;\"><span style=\"color: #000000;\"><span style=\"color: #000000;\"><span style=\"color: #000000;\"><span style=\"color: #000000;\">\u2022 <\/span><\/span><\/span><\/span><\/span><\/span>Vicario Parroquial de la Parroquia \u00abNuestra Se\u00f1ora de la Merced\u00bb de Avellaneda.<\/div>\n<div style=\"text-align: left;\"><span style=\"font-family: Verdana, Arial, Helvetica, sans-serif; font-size: 10px; font-style: normal; line-height: normal; color: #000000;\"><span style=\"color: #000000;\"><span style=\"color: #000000;\"><span style=\"color: #000000;\"><span style=\"color: #000000;\"><span style=\"color: #000000;\">\u2022 <\/span><\/span><\/span><\/span><\/span><\/span>Asesor del Equipo Diocesano de Comunicaci\u00f3n Social<\/div>\n<div style=\"text-align: left;\"><span style=\"font-family: Verdana, Arial, Helvetica, sans-serif; font-size: 10px; font-style: normal; line-height: normal; color: #000000;\"><span style=\"color: #000000;\"><span style=\"color: #000000;\"><span style=\"color: #000000;\"><span style=\"color: #000000;\"><span style=\"color: #000000;\">\u2022 <\/span><\/span><\/span><\/span><\/span><\/span>Miembro del Equipo Diocesano del Plan Compartir.<\/div>\n<div style=\"text-align: left;\"><span style=\"font-family: Verdana, Arial, Helvetica, sans-serif; font-size: 10px; font-style: normal; line-height: normal; color: #000000;\"><span style=\"color: #000000;\"><span style=\"color: #000000;\"><span style=\"color: #000000;\"><span style=\"color: #000000;\"><span style=\"color: #000000;\">\u2022 <\/span><\/span><\/span><\/span><\/span><\/span>Vicario Parroquial de la Parroquia \u00abInmaculada Concepci\u00f3n\u00bb de Reconquista<\/div>\n<div style=\"text-align: left;\">\u2022 P\u00e1rroco de la parroquia \u00abLa Encarnaci\u00f3n del Se\u00f1or\u00bb de La Sarita<\/div>\n<div style=\"text-align: left;\">\u2022P\u00e1rroco de la Parroquia \u00abSagrado Coraz\u00f3n de Jes\u00fas\u00bb de Romang<\/div>\n<div style=\"text-align: left;\"><u style=\"font-family: Verdana, Arial, Helvetica, sans-serif; font-size: 10px; line-height: normal; color: #000000;\"><strong>Oficio Pastoral Actual<\/strong><\/u><\/div>\n<div style=\"text-align: left;\"><\/div>\n<div style=\"text-align: left;\"><span style=\"color: #000000; font-family: Verdana, Arial, Helvetica, sans-serif; font-size: 10px; line-height: normal;\">\u2022P\u00e1rroco de la Parroquia \u00abSagrado Coraz\u00f3n de Jes\u00fas\u00bb de Villa Ana<\/span><\/div>\n<p style=\"text-align: left;\"><u><strong><span style=\"font-family: Verdana, Arial, Helvetica, sans-serif; font-size: 10px; font-style: normal; line-height: normal; color: #000000;\">Asesor\u00edas <\/span><\/strong><\/u><\/p>\n<p style=\"text-align: left;\"><span style=\"font-family: Verdana, Arial, Helvetica, sans-serif; font-size: 10px; font-style: normal; line-height: normal; color: #000000;\"><u><strong>\u00a0<\/strong><\/u><\/span><\/p>\n<div id=\"ieooui\">\n<p class=\"MsoNormal\" style=\"text-align: left; margin: 0cm 0cm 0pt;\">\n<\/div>\n","protected":false},"excerpt":{"rendered":"<div class=\"mh-excerpt\"><p>\u00a0 Datos Personales Naci\u00f3 el 10 de Septiembre de 1962 Estudios realizados y formaci\u00f3n recibida Recibi\u00f3 el Sacramento del Orden Sagrado en el grado de <a class=\"mh-excerpt-more\" href=\"https:\/\/www.obispadorqta.org.ar\/v3\/ramos-eduardo-fabian\/\" title=\"RAMOS, Eduardo Fabi\u00e1n\">[&#8230;]<\/a><\/p>\n<\/div>","protected":false},"author":1,"featured_media":0,"comment_status":"closed","ping_status":"open","sticky":false,"template":"","format":"standard","meta":{"footnotes":""},"categories":[59],"tags":[],"class_list":["post-181","post","type-post","status-publish","format-standard","hentry","category-presbiteros-diocesanos"],"_links":{"self":[{"href":"https:\/\/www.obispadorqta.org.ar\/v3\/wp-json\/wp\/v2\/posts\/181","targetHints":{"allow":["GET"]}}],"collection":[{"href":"https:\/\/www.obispadorqta.org.ar\/v3\/wp-json\/wp\/v2\/posts"}],"about":[{"href":"https:\/\/www.obispadorqta.org.ar\/v3\/wp-json\/wp\/v2\/types\/post"}],"author":[{"embeddable":true,"href":"https:\/\/www.obispadorqta.org.ar\/v3\/wp-json\/wp\/v2\/users\/1"}],"replies":[{"embeddable":true,"href":"https:\/\/www.obispadorqta.org.ar\/v3\/wp-json\/wp\/v2\/comments?post=181"}],"version-history":[{"count":4,"href":"https:\/\/www.obispadorqta.org.ar\/v3\/wp-json\/wp\/v2\/posts\/181\/revisions"}],"predecessor-version":[{"id":9602,"href":"https:\/\/www.obispadorqta.org.ar\/v3\/wp-json\/wp\/v2\/posts\/181\/revisions\/9602"}],"wp:attachment":[{"href":"https:\/\/www.obispadorqta.org.ar\/v3\/wp-json\/wp\/v2\/media?parent=181"}],"wp:term":[{"taxonomy":"category","embeddable":true,"href":"https:\/\/www.obispadorqta.org.ar\/v3\/wp-json\/wp\/v2\/categories?post=181"},{"taxonomy":"post_tag","embeddable":true,"href":"https:\/\/www.obispadorqta.org.ar\/v3\/wp-json\/wp\/v2\/tags?post=181"}],"curies":[{"name":"wp","href":"https:\/\/api.w.org\/{rel}","templated":true}]}}