{"id":1813,"date":"2017-07-12T19:25:26","date_gmt":"2017-07-12T19:25:26","guid":{"rendered":"http:\/\/www.obispadorqta.org.ar\/v3\/?p=1813"},"modified":"2017-07-12T19:26:08","modified_gmt":"2017-07-12T19:26:08","slug":"informacion-sobre-el-padre-tomas-spanghero","status":"publish","type":"post","link":"https:\/\/www.obispadorqta.org.ar\/v3\/informacion-sobre-el-padre-tomas-spanghero\/","title":{"rendered":"Informaci\u00f3n sobre el Padre Tom\u00e1s Spanghero:"},"content":{"rendered":"<p style=\"text-align: justify;\">Comunicamos a todos que ha concluido satisfactoriamente la cirug\u00eda a la cual fuera sometido el padre Tom\u00e1s Spanghero y continuar\u00e1 internado en sala de cuidados comunes para su recuperaci\u00f3n postquir\u00fargica \u00a0y para dar continuidad a su tratamiento.<\/p>\n<p style=\"text-align: justify;\">Agradecemos a todos las oraciones y acompa\u00f1amiento al padre Tom\u00e1s y pedimos por su pronta recuperaci\u00f3n.<\/p>\n<p style=\"text-align: justify;\">\n<p>&nbsp;<\/p>\n","protected":false},"excerpt":{"rendered":"<div class=\"mh-excerpt\"><p>Comunicamos a todos que ha concluido satisfactoriamente la cirug\u00eda a la cual fuera sometido el padre Tom\u00e1s Spanghero y continuar\u00e1 internado en sala de cuidados <a class=\"mh-excerpt-more\" href=\"https:\/\/www.obispadorqta.org.ar\/v3\/informacion-sobre-el-padre-tomas-spanghero\/\" title=\"Informaci\u00f3n sobre el Padre Tom\u00e1s Spanghero:\">[&#8230;]<\/a><\/p>\n<\/div>","protected":false},"author":2,"featured_media":1790,"comment_status":"closed","ping_status":"open","sticky":false,"template":"","format":"standard","meta":{"footnotes":""},"categories":[28],"tags":[],"class_list":["post-1813","post","type-post","status-publish","format-standard","has-post-thumbnail","hentry","category-latest-news"],"_links":{"self":[{"href":"https:\/\/www.obispadorqta.org.ar\/v3\/wp-json\/wp\/v2\/posts\/1813","targetHints":{"allow":["GET"]}}],"collection":[{"href":"https:\/\/www.obispadorqta.org.ar\/v3\/wp-json\/wp\/v2\/posts"}],"about":[{"href":"https:\/\/www.obispadorqta.org.ar\/v3\/wp-json\/wp\/v2\/types\/post"}],"author":[{"embeddable":true,"href":"https:\/\/www.obispadorqta.org.ar\/v3\/wp-json\/wp\/v2\/users\/2"}],"replies":[{"embeddable":true,"href":"https:\/\/www.obispadorqta.org.ar\/v3\/wp-json\/wp\/v2\/comments?post=1813"}],"version-history":[{"count":2,"href":"https:\/\/www.obispadorqta.org.ar\/v3\/wp-json\/wp\/v2\/posts\/1813\/revisions"}],"predecessor-version":[{"id":1815,"href":"https:\/\/www.obispadorqta.org.ar\/v3\/wp-json\/wp\/v2\/posts\/1813\/revisions\/1815"}],"wp:featuredmedia":[{"embeddable":true,"href":"https:\/\/www.obispadorqta.org.ar\/v3\/wp-json\/wp\/v2\/media\/1790"}],"wp:attachment":[{"href":"https:\/\/www.obispadorqta.org.ar\/v3\/wp-json\/wp\/v2\/media?parent=1813"}],"wp:term":[{"taxonomy":"category","embeddable":true,"href":"https:\/\/www.obispadorqta.org.ar\/v3\/wp-json\/wp\/v2\/categories?post=1813"},{"taxonomy":"post_tag","embeddable":true,"href":"https:\/\/www.obispadorqta.org.ar\/v3\/wp-json\/wp\/v2\/tags?post=1813"}],"curies":[{"name":"wp","href":"https:\/\/api.w.org\/{rel}","templated":true}]}}