{"id":1819,"date":"2017-07-14T20:33:46","date_gmt":"2017-07-14T20:33:46","guid":{"rendered":"http:\/\/www.obispadorqta.org.ar\/v3\/?p=1819"},"modified":"2017-07-14T20:58:46","modified_gmt":"2017-07-14T20:58:46","slug":"30-aniversario-del-fallecimiento-del-pbro-hector-raul-finos","status":"publish","type":"post","link":"https:\/\/www.obispadorqta.org.ar\/v3\/30-aniversario-del-fallecimiento-del-pbro-hector-raul-finos\/","title":{"rendered":"30 aniversario del fallecimiento del Pbro. H\u00e9ctor Ra\u00fal Fin\u00f3s."},"content":{"rendered":"<p style=\"text-align: justify;\">El d\u00eda s\u00e1bado 15 de julio se cumplen 30 a\u00f1os del tr\u00e1gico accidente automovil\u00edstico sobre ruta nacional N\u00ba 11 donde fallecieran el Pbro. H\u00e9ctor Ra\u00fal Fin\u00f3s, la Hna. \u00c1ngela Rom\u00e1n (Hija de Jes\u00fas), Teresa Ermelinda Pintos de Wozniak, Eleonor Alba Moreno de Vicent\u00edn y Maricel Carla Vicent\u00edn.<\/p>\n<p style=\"text-align: justify;\">Nuestra memoria y gratitud a quienes dieron su vida acompa\u00f1ando al P. Francisco A. Bossio en su enfermedad. Invitamos a recordarlos en las celebraciones lit\u00fargicas en nuestras parroquias y comunidades.<\/p>\n","protected":false},"excerpt":{"rendered":"<div class=\"mh-excerpt\"><p>El d\u00eda s\u00e1bado 15 de julio se cumplen 30 a\u00f1os del tr\u00e1gico accidente automovil\u00edstico sobre ruta nacional N\u00ba 11 donde fallecieran el Pbro. H\u00e9ctor Ra\u00fal <a class=\"mh-excerpt-more\" href=\"https:\/\/www.obispadorqta.org.ar\/v3\/30-aniversario-del-fallecimiento-del-pbro-hector-raul-finos\/\" title=\"30 aniversario del fallecimiento del Pbro. H\u00e9ctor Ra\u00fal Fin\u00f3s.\">[&#8230;]<\/a><\/p>\n<\/div>","protected":false},"author":2,"featured_media":1828,"comment_status":"closed","ping_status":"open","sticky":false,"template":"","format":"standard","meta":{"footnotes":""},"categories":[28],"tags":[],"class_list":["post-1819","post","type-post","status-publish","format-standard","has-post-thumbnail","hentry","category-latest-news"],"_links":{"self":[{"href":"https:\/\/www.obispadorqta.org.ar\/v3\/wp-json\/wp\/v2\/posts\/1819","targetHints":{"allow":["GET"]}}],"collection":[{"href":"https:\/\/www.obispadorqta.org.ar\/v3\/wp-json\/wp\/v2\/posts"}],"about":[{"href":"https:\/\/www.obispadorqta.org.ar\/v3\/wp-json\/wp\/v2\/types\/post"}],"author":[{"embeddable":true,"href":"https:\/\/www.obispadorqta.org.ar\/v3\/wp-json\/wp\/v2\/users\/2"}],"replies":[{"embeddable":true,"href":"https:\/\/www.obispadorqta.org.ar\/v3\/wp-json\/wp\/v2\/comments?post=1819"}],"version-history":[{"count":2,"href":"https:\/\/www.obispadorqta.org.ar\/v3\/wp-json\/wp\/v2\/posts\/1819\/revisions"}],"predecessor-version":[{"id":1829,"href":"https:\/\/www.obispadorqta.org.ar\/v3\/wp-json\/wp\/v2\/posts\/1819\/revisions\/1829"}],"wp:featuredmedia":[{"embeddable":true,"href":"https:\/\/www.obispadorqta.org.ar\/v3\/wp-json\/wp\/v2\/media\/1828"}],"wp:attachment":[{"href":"https:\/\/www.obispadorqta.org.ar\/v3\/wp-json\/wp\/v2\/media?parent=1819"}],"wp:term":[{"taxonomy":"category","embeddable":true,"href":"https:\/\/www.obispadorqta.org.ar\/v3\/wp-json\/wp\/v2\/categories?post=1819"},{"taxonomy":"post_tag","embeddable":true,"href":"https:\/\/www.obispadorqta.org.ar\/v3\/wp-json\/wp\/v2\/tags?post=1819"}],"curies":[{"name":"wp","href":"https:\/\/api.w.org\/{rel}","templated":true}]}}