{"id":182,"date":"2009-09-02T20:06:20","date_gmt":"2009-09-02T20:06:20","guid":{"rendered":"http:\/\/www.obispadorqta.org.ar\/v3\/pividori-javier-ubaldo\/"},"modified":"2025-10-30T09:29:21","modified_gmt":"2025-10-30T12:29:21","slug":"pividori-javier-ubaldo","status":"publish","type":"post","link":"https:\/\/www.obispadorqta.org.ar\/v3\/pividori-javier-ubaldo\/","title":{"rendered":"PIVIDORI, Javier Ubaldo"},"content":{"rendered":"<p><span style=\"font-family: Verdana,Arial,Helvetica,sans-serif; font-size: 10px; font-style: normal; line-height: normal; color: #000000;\"><u><strong><img loading=\"lazy\" decoding=\"async\" src=\"https:\/\/scontent-gru1-1.xx.fbcdn.net\/hphotos-xaf1\/v\/t1.0-9\/299648_126163477480152_5488759_n.jpg?oh=32382bd90ec363b27a34be455e1f626b&amp;oe=55EC16A5\" width=\"130\" height=\"173\" align=\"left\" border=\"0\" \/><\/strong><\/u><\/span><\/p>\n<p><strong>Datos Personales<\/strong><br \/>\nNaci\u00f3 el 04 de enero de 1976 en Ingeniero Chanourdie (Santa Fe)<\/p>\n<p><strong>Estudios realizados y formaci\u00f3n recibida<\/strong><br \/>\nRecibi\u00f3 el Sacramento del Orden Sagrado en el grado de Presbiterado, el 15 de Abril de 2007.<\/p>\n<p><strong>Experiencia Pastoral<\/strong><br \/>\n\u2022 Vicario de la Parroquia \u00abInmaculada Concepci\u00f3n\u00bb de Villa Ocampo<\/p>\n<p>\u2022 Vicario de la Parroquia \u00abMar\u00eda Madre de Dios\u00bb de Reconquista<\/p>\n<p>\u2022 P\u00e1rroco de la Parroquia \u00abSan Luis Gonzaga\u00bb de Calchaqu\u00ed<\/p>\n<p><strong>Oficio Pastoral Actual<\/strong><br \/>\n\u2022 P\u00e1rroco de la Parroquia \u00abNuestra Se\u00f1ora de Itat\u00ed\u00bb de Fort\u00edn Olmos<br \/>\n\u2022 Miembro del Consejo Diocesano de Presbiterio<\/p>\n<p>Asesor\u00edas<br \/>\nAsesor de la Comisi\u00f3n Diocesana de Mensaje<\/p>\n","protected":false},"excerpt":{"rendered":"<div class=\"mh-excerpt\"><p>Datos Personales Naci\u00f3 el 04 de enero de 1976 en Ingeniero Chanourdie (Santa Fe) Estudios realizados y formaci\u00f3n recibida Recibi\u00f3 el Sacramento del Orden Sagrado <a class=\"mh-excerpt-more\" href=\"https:\/\/www.obispadorqta.org.ar\/v3\/pividori-javier-ubaldo\/\" title=\"PIVIDORI, Javier Ubaldo\">[&#8230;]<\/a><\/p>\n<\/div>","protected":false},"author":1,"featured_media":0,"comment_status":"closed","ping_status":"open","sticky":false,"template":"","format":"standard","meta":{"footnotes":""},"categories":[59],"tags":[],"class_list":["post-182","post","type-post","status-publish","format-standard","hentry","category-presbiteros-diocesanos"],"_links":{"self":[{"href":"https:\/\/www.obispadorqta.org.ar\/v3\/wp-json\/wp\/v2\/posts\/182","targetHints":{"allow":["GET"]}}],"collection":[{"href":"https:\/\/www.obispadorqta.org.ar\/v3\/wp-json\/wp\/v2\/posts"}],"about":[{"href":"https:\/\/www.obispadorqta.org.ar\/v3\/wp-json\/wp\/v2\/types\/post"}],"author":[{"embeddable":true,"href":"https:\/\/www.obispadorqta.org.ar\/v3\/wp-json\/wp\/v2\/users\/1"}],"replies":[{"embeddable":true,"href":"https:\/\/www.obispadorqta.org.ar\/v3\/wp-json\/wp\/v2\/comments?post=182"}],"version-history":[{"count":3,"href":"https:\/\/www.obispadorqta.org.ar\/v3\/wp-json\/wp\/v2\/posts\/182\/revisions"}],"predecessor-version":[{"id":11621,"href":"https:\/\/www.obispadorqta.org.ar\/v3\/wp-json\/wp\/v2\/posts\/182\/revisions\/11621"}],"wp:attachment":[{"href":"https:\/\/www.obispadorqta.org.ar\/v3\/wp-json\/wp\/v2\/media?parent=182"}],"wp:term":[{"taxonomy":"category","embeddable":true,"href":"https:\/\/www.obispadorqta.org.ar\/v3\/wp-json\/wp\/v2\/categories?post=182"},{"taxonomy":"post_tag","embeddable":true,"href":"https:\/\/www.obispadorqta.org.ar\/v3\/wp-json\/wp\/v2\/tags?post=182"}],"curies":[{"name":"wp","href":"https:\/\/api.w.org\/{rel}","templated":true}]}}