{"id":1837,"date":"2017-07-19T12:30:24","date_gmt":"2017-07-19T12:30:24","guid":{"rendered":"http:\/\/www.obispadorqta.org.ar\/v3\/?p=1837"},"modified":"2017-07-19T15:04:17","modified_gmt":"2017-07-19T15:04:17","slug":"caminata-de-caritas","status":"publish","type":"post","link":"https:\/\/www.obispadorqta.org.ar\/v3\/caminata-de-caritas\/","title":{"rendered":"CAMINATA DE C\u00c1RITAS"},"content":{"rendered":"<p><span style=\"color: #000000;\">Estamos comenzando la caminada de<strong> C\u00e1ritas Diocesana 2017-2018<\/strong>, bajo el lema <em>\u00absi ves en el otro a tu hermano, nadie puede quedar excluido\u00bb<\/em>, guiados y acompa\u00f1ados por la Virgen de Luj\u00e1n, patrona de nuestro pueblo.<\/span><\/p>\n<p><span style=\"color: #000000;\">Esta caminata tiene como meta final, la Asamblea Nacional de C\u00e1ritas, a celebrarse el a\u00f1o pr\u00f3ximo.<\/span><\/p>\n<p><span style=\"color: #000000;\">No dejes de pedir el material preparatorio en la sede de C\u00e1ritas Diocesana.<\/span><\/p>\n<p>&nbsp;<\/p>\n<p>&nbsp;<\/p>\n","protected":false},"excerpt":{"rendered":"<div class=\"mh-excerpt\"><p>Estamos comenzando la caminada de C\u00e1ritas Diocesana 2017-2018, bajo el lema \u00absi ves en el otro a tu hermano, nadie puede quedar excluido\u00bb, guiados y <a class=\"mh-excerpt-more\" href=\"https:\/\/www.obispadorqta.org.ar\/v3\/caminata-de-caritas\/\" title=\"CAMINATA DE C\u00c1RITAS\">[&#8230;]<\/a><\/p>\n<\/div>","protected":false},"author":3,"featured_media":1838,"comment_status":"closed","ping_status":"open","sticky":false,"template":"","format":"standard","meta":{"footnotes":""},"categories":[1,28],"tags":[],"class_list":["post-1837","post","type-post","status-publish","format-standard","has-post-thumbnail","hentry","category-sin-categoria","category-latest-news"],"_links":{"self":[{"href":"https:\/\/www.obispadorqta.org.ar\/v3\/wp-json\/wp\/v2\/posts\/1837","targetHints":{"allow":["GET"]}}],"collection":[{"href":"https:\/\/www.obispadorqta.org.ar\/v3\/wp-json\/wp\/v2\/posts"}],"about":[{"href":"https:\/\/www.obispadorqta.org.ar\/v3\/wp-json\/wp\/v2\/types\/post"}],"author":[{"embeddable":true,"href":"https:\/\/www.obispadorqta.org.ar\/v3\/wp-json\/wp\/v2\/users\/3"}],"replies":[{"embeddable":true,"href":"https:\/\/www.obispadorqta.org.ar\/v3\/wp-json\/wp\/v2\/comments?post=1837"}],"version-history":[{"count":4,"href":"https:\/\/www.obispadorqta.org.ar\/v3\/wp-json\/wp\/v2\/posts\/1837\/revisions"}],"predecessor-version":[{"id":1840,"href":"https:\/\/www.obispadorqta.org.ar\/v3\/wp-json\/wp\/v2\/posts\/1837\/revisions\/1840"}],"wp:featuredmedia":[{"embeddable":true,"href":"https:\/\/www.obispadorqta.org.ar\/v3\/wp-json\/wp\/v2\/media\/1838"}],"wp:attachment":[{"href":"https:\/\/www.obispadorqta.org.ar\/v3\/wp-json\/wp\/v2\/media?parent=1837"}],"wp:term":[{"taxonomy":"category","embeddable":true,"href":"https:\/\/www.obispadorqta.org.ar\/v3\/wp-json\/wp\/v2\/categories?post=1837"},{"taxonomy":"post_tag","embeddable":true,"href":"https:\/\/www.obispadorqta.org.ar\/v3\/wp-json\/wp\/v2\/tags?post=1837"}],"curies":[{"name":"wp","href":"https:\/\/api.w.org\/{rel}","templated":true}]}}