{"id":1862,"date":"2017-07-27T12:17:10","date_gmt":"2017-07-27T12:17:10","guid":{"rendered":"http:\/\/www.obispadorqta.org.ar\/v3\/?p=1862"},"modified":"2017-07-27T13:43:22","modified_gmt":"2017-07-27T13:43:22","slug":"encuentro-compartir-nea","status":"publish","type":"post","link":"https:\/\/www.obispadorqta.org.ar\/v3\/encuentro-compartir-nea\/","title":{"rendered":"ENCUENTRO COMPARTIR-NEA"},"content":{"rendered":"<p>Se est\u00e1 realizando, en la casa de retiros cercana a Puerto Tirol, Chaco, un encuentro del COMPARTIR-NEA para sacerdotes.<\/p>\n<p>De nuestra di\u00f3cesis est\u00e1n participando el P. Fabi\u00e1n Ramos, el P. Javier Pividori y el P. Roberto P\u00e9rez.<\/p>\n<p>Recemos por los frutos de este encuentro para nuestras comunidades.<\/p>\n<p>&nbsp;<\/p>\n<p>&nbsp;<\/p>\n<p>&nbsp;<\/p>\n<p>&nbsp;<\/p>\n","protected":false},"excerpt":{"rendered":"<div class=\"mh-excerpt\"><p>Se est\u00e1 realizando, en la casa de retiros cercana a Puerto Tirol, Chaco, un encuentro del COMPARTIR-NEA para sacerdotes. De nuestra di\u00f3cesis est\u00e1n participando el <a class=\"mh-excerpt-more\" href=\"https:\/\/www.obispadorqta.org.ar\/v3\/encuentro-compartir-nea\/\" title=\"ENCUENTRO COMPARTIR-NEA\">[&#8230;]<\/a><\/p>\n<\/div>","protected":false},"author":3,"featured_media":1863,"comment_status":"closed","ping_status":"open","sticky":false,"template":"","format":"standard","meta":{"footnotes":""},"categories":[1,28],"tags":[],"class_list":["post-1862","post","type-post","status-publish","format-standard","has-post-thumbnail","hentry","category-sin-categoria","category-latest-news"],"_links":{"self":[{"href":"https:\/\/www.obispadorqta.org.ar\/v3\/wp-json\/wp\/v2\/posts\/1862","targetHints":{"allow":["GET"]}}],"collection":[{"href":"https:\/\/www.obispadorqta.org.ar\/v3\/wp-json\/wp\/v2\/posts"}],"about":[{"href":"https:\/\/www.obispadorqta.org.ar\/v3\/wp-json\/wp\/v2\/types\/post"}],"author":[{"embeddable":true,"href":"https:\/\/www.obispadorqta.org.ar\/v3\/wp-json\/wp\/v2\/users\/3"}],"replies":[{"embeddable":true,"href":"https:\/\/www.obispadorqta.org.ar\/v3\/wp-json\/wp\/v2\/comments?post=1862"}],"version-history":[{"count":3,"href":"https:\/\/www.obispadorqta.org.ar\/v3\/wp-json\/wp\/v2\/posts\/1862\/revisions"}],"predecessor-version":[{"id":1866,"href":"https:\/\/www.obispadorqta.org.ar\/v3\/wp-json\/wp\/v2\/posts\/1862\/revisions\/1866"}],"wp:featuredmedia":[{"embeddable":true,"href":"https:\/\/www.obispadorqta.org.ar\/v3\/wp-json\/wp\/v2\/media\/1863"}],"wp:attachment":[{"href":"https:\/\/www.obispadorqta.org.ar\/v3\/wp-json\/wp\/v2\/media?parent=1862"}],"wp:term":[{"taxonomy":"category","embeddable":true,"href":"https:\/\/www.obispadorqta.org.ar\/v3\/wp-json\/wp\/v2\/categories?post=1862"},{"taxonomy":"post_tag","embeddable":true,"href":"https:\/\/www.obispadorqta.org.ar\/v3\/wp-json\/wp\/v2\/tags?post=1862"}],"curies":[{"name":"wp","href":"https:\/\/api.w.org\/{rel}","templated":true}]}}