{"id":1867,"date":"2017-07-28T12:36:40","date_gmt":"2017-07-28T12:36:40","guid":{"rendered":"http:\/\/www.obispadorqta.org.ar\/v3\/?p=1867"},"modified":"2017-07-28T12:40:00","modified_gmt":"2017-07-28T12:40:00","slug":"encuentro-de-formacion-del-presbiterio","status":"publish","type":"post","link":"https:\/\/www.obispadorqta.org.ar\/v3\/encuentro-de-formacion-del-presbiterio\/","title":{"rendered":"ENCUENTRO DE FORMACI\u00d3N DEL PRESBITERIO"},"content":{"rendered":"<p style=\"text-align: justify;\"><span style=\"color: #000000;\">Teniendo en cuenta que a principios de setiembre se llevar\u00e1 a cabo un Encuentro Nacional de Sacerdotes en Villa Cura Brochero, C\u00f3rdoba, en los pr\u00f3ximos d\u00edas se adelantar\u00e1 la Semana Anual de Formaci\u00f3n del Presbiterio.<\/span><\/p>\n<p style=\"text-align: justify;\"><span style=\"color: #000000;\">Concretamente, los sacerdotes estar\u00e1n reunidos junto al Obispo Diocesano, Mons. \u00c1ngel Jos\u00e9 Mac\u00edn, del 01 al 03 de Agosto pr\u00f3ximos.<\/span><\/p>\n<p style=\"text-align: justify;\"><span style=\"color: #000000;\">La primera parte de la reuni\u00f3n estar\u00e1 animada por un soci\u00f3logo, el Dr. Ricardo Murtagh, quien presentar\u00e1 sus estudios sobre la historia reciente de la Iglesia en el norte de Santa Fe. En una segunda parte, se abordar\u00e1 el tema del S\u00ednodo de los J\u00f3venes y la prioridad diocesana referida a este tema.<\/span><\/p>\n","protected":false},"excerpt":{"rendered":"<div class=\"mh-excerpt\"><p>Teniendo en cuenta que a principios de setiembre se llevar\u00e1 a cabo un Encuentro Nacional de Sacerdotes en Villa Cura Brochero, C\u00f3rdoba, en los pr\u00f3ximos <a class=\"mh-excerpt-more\" href=\"https:\/\/www.obispadorqta.org.ar\/v3\/encuentro-de-formacion-del-presbiterio\/\" title=\"ENCUENTRO DE FORMACI\u00d3N DEL PRESBITERIO\">[&#8230;]<\/a><\/p>\n<\/div>","protected":false},"author":3,"featured_media":1868,"comment_status":"closed","ping_status":"open","sticky":false,"template":"","format":"standard","meta":{"footnotes":""},"categories":[1,28],"tags":[],"class_list":["post-1867","post","type-post","status-publish","format-standard","has-post-thumbnail","hentry","category-sin-categoria","category-latest-news"],"_links":{"self":[{"href":"https:\/\/www.obispadorqta.org.ar\/v3\/wp-json\/wp\/v2\/posts\/1867","targetHints":{"allow":["GET"]}}],"collection":[{"href":"https:\/\/www.obispadorqta.org.ar\/v3\/wp-json\/wp\/v2\/posts"}],"about":[{"href":"https:\/\/www.obispadorqta.org.ar\/v3\/wp-json\/wp\/v2\/types\/post"}],"author":[{"embeddable":true,"href":"https:\/\/www.obispadorqta.org.ar\/v3\/wp-json\/wp\/v2\/users\/3"}],"replies":[{"embeddable":true,"href":"https:\/\/www.obispadorqta.org.ar\/v3\/wp-json\/wp\/v2\/comments?post=1867"}],"version-history":[{"count":2,"href":"https:\/\/www.obispadorqta.org.ar\/v3\/wp-json\/wp\/v2\/posts\/1867\/revisions"}],"predecessor-version":[{"id":1870,"href":"https:\/\/www.obispadorqta.org.ar\/v3\/wp-json\/wp\/v2\/posts\/1867\/revisions\/1870"}],"wp:featuredmedia":[{"embeddable":true,"href":"https:\/\/www.obispadorqta.org.ar\/v3\/wp-json\/wp\/v2\/media\/1868"}],"wp:attachment":[{"href":"https:\/\/www.obispadorqta.org.ar\/v3\/wp-json\/wp\/v2\/media?parent=1867"}],"wp:term":[{"taxonomy":"category","embeddable":true,"href":"https:\/\/www.obispadorqta.org.ar\/v3\/wp-json\/wp\/v2\/categories?post=1867"},{"taxonomy":"post_tag","embeddable":true,"href":"https:\/\/www.obispadorqta.org.ar\/v3\/wp-json\/wp\/v2\/tags?post=1867"}],"curies":[{"name":"wp","href":"https:\/\/api.w.org\/{rel}","templated":true}]}}