{"id":1871,"date":"2017-07-28T14:44:51","date_gmt":"2017-07-28T14:44:51","guid":{"rendered":"http:\/\/www.obispadorqta.org.ar\/v3\/?p=1871"},"modified":"2017-07-28T14:46:33","modified_gmt":"2017-07-28T14:46:33","slug":"bendicion-de-panteon-para-sacerdotes","status":"publish","type":"post","link":"https:\/\/www.obispadorqta.org.ar\/v3\/bendicion-de-panteon-para-sacerdotes\/","title":{"rendered":"BENDICI\u00d3N DE PANTE\u00d3N PARA SACERDOTES"},"content":{"rendered":"<p style=\"text-align: justify;\"><span style=\"color: #000000;\">En el marco de los 60 a\u00f1os de la creaci\u00f3n de la Di\u00f3cesis de Reconquista y en v\u00edsperas del d\u00eda del sacerdote, especialmente del p\u00e1rroco, el 3 de Agosto pr\u00f3ximo, a las 16.00 hs., se realizar\u00e1 la bendici\u00f3n del nuevo pante\u00f3n para los sacerdotes de la Di\u00f3cesis, ubicado en un espacio cercano al Oratorio Ecum\u00e9nico, recientemente inaugurado, en el cementerio municipal de Reconquista.<\/span><\/p>\n<p style=\"text-align: justify;\"><span style=\"color: #000000;\">Previamente, se trasladar\u00e1n a ese lugar los restos mortales de algunos sacerdotes: P. Jerem\u00edas Massin, P. Armando Iacuzzi, P. Marcelino Cainelli y P. Armando Faccioli. Los restos de otros sacerdotes permanecer\u00e1n, respetando la voluntad p\u00f3stuma de los mismos o la decisi\u00f3n de sus familiares, en los lugares donde actualmente est\u00e1n sepultados.<\/span><\/p>\n<p style=\"text-align: justify;\"><span style=\"color: #000000;\">Ser\u00e1 una ocasi\u00f3n para recordar a quienes, con su vida entregada, han construido la comunidad diocesana a la que pertenecemos.<\/span><\/p>\n<p style=\"text-align: justify;\"><span style=\"color: #000000;\">Agradecemos a todos aquellos que durante este tiempo han cedido algunos lugares para custodiar los restos de los mencionados sacerdotes y al Gobierno Municipal de Reconquista por acompa\u00f1ar esta iniciativa, e invitamos a quienes quieran participar, a unirse a este gesto de gratitud y esperanza.<\/span><\/p>\n","protected":false},"excerpt":{"rendered":"<div class=\"mh-excerpt\"><p>En el marco de los 60 a\u00f1os de la creaci\u00f3n de la Di\u00f3cesis de Reconquista y en v\u00edsperas del d\u00eda del sacerdote, especialmente del p\u00e1rroco, <a class=\"mh-excerpt-more\" href=\"https:\/\/www.obispadorqta.org.ar\/v3\/bendicion-de-panteon-para-sacerdotes\/\" title=\"BENDICI\u00d3N DE PANTE\u00d3N PARA SACERDOTES\">[&#8230;]<\/a><\/p>\n<\/div>","protected":false},"author":3,"featured_media":1874,"comment_status":"closed","ping_status":"open","sticky":false,"template":"","format":"standard","meta":{"footnotes":""},"categories":[6,1,28],"tags":[],"class_list":["post-1871","post","type-post","status-publish","format-standard","has-post-thumbnail","hentry","category-news","category-sin-categoria","category-latest-news"],"_links":{"self":[{"href":"https:\/\/www.obispadorqta.org.ar\/v3\/wp-json\/wp\/v2\/posts\/1871","targetHints":{"allow":["GET"]}}],"collection":[{"href":"https:\/\/www.obispadorqta.org.ar\/v3\/wp-json\/wp\/v2\/posts"}],"about":[{"href":"https:\/\/www.obispadorqta.org.ar\/v3\/wp-json\/wp\/v2\/types\/post"}],"author":[{"embeddable":true,"href":"https:\/\/www.obispadorqta.org.ar\/v3\/wp-json\/wp\/v2\/users\/3"}],"replies":[{"embeddable":true,"href":"https:\/\/www.obispadorqta.org.ar\/v3\/wp-json\/wp\/v2\/comments?post=1871"}],"version-history":[{"count":1,"href":"https:\/\/www.obispadorqta.org.ar\/v3\/wp-json\/wp\/v2\/posts\/1871\/revisions"}],"predecessor-version":[{"id":1875,"href":"https:\/\/www.obispadorqta.org.ar\/v3\/wp-json\/wp\/v2\/posts\/1871\/revisions\/1875"}],"wp:featuredmedia":[{"embeddable":true,"href":"https:\/\/www.obispadorqta.org.ar\/v3\/wp-json\/wp\/v2\/media\/1874"}],"wp:attachment":[{"href":"https:\/\/www.obispadorqta.org.ar\/v3\/wp-json\/wp\/v2\/media?parent=1871"}],"wp:term":[{"taxonomy":"category","embeddable":true,"href":"https:\/\/www.obispadorqta.org.ar\/v3\/wp-json\/wp\/v2\/categories?post=1871"},{"taxonomy":"post_tag","embeddable":true,"href":"https:\/\/www.obispadorqta.org.ar\/v3\/wp-json\/wp\/v2\/tags?post=1871"}],"curies":[{"name":"wp","href":"https:\/\/api.w.org\/{rel}","templated":true}]}}