{"id":1877,"date":"2017-07-31T12:02:53","date_gmt":"2017-07-31T12:02:53","guid":{"rendered":"http:\/\/www.obispadorqta.org.ar\/v3\/?p=1877"},"modified":"2017-07-31T12:32:46","modified_gmt":"2017-07-31T12:32:46","slug":"dia-del-parroco-3","status":"publish","type":"post","link":"https:\/\/www.obispadorqta.org.ar\/v3\/dia-del-parroco-3\/","title":{"rendered":"D\u00cdA DEL P\u00c1RROCO"},"content":{"rendered":"<p style=\"text-align: justify;\"><span style=\"color: #000000;\">El viernes 4 de Agosto, memoria del Santo Cura de Ars, se celebrar\u00e1 el d\u00eda del p\u00e1rroco. Cada comunidad organiza diferentes actividades en torno a esta fecha. Recordamos que pocos a\u00f1os atr\u00e1s, en el a\u00f1o sacerdotal, el Papa Benedicto XVI ha invitado a ampliar el horizonte y celebrar el d\u00eda del sacerdote.<\/span><\/p>\n<p style=\"text-align: justify;\"><span style=\"color: #000000;\">Teniendo en cuenta esta invitaci\u00f3n, agradecemos el ministerio y pedimos oraciones por todos los sacerdotes.<\/span><\/p>\n","protected":false},"excerpt":{"rendered":"<div class=\"mh-excerpt\"><p>El viernes 4 de Agosto, memoria del Santo Cura de Ars, se celebrar\u00e1 el d\u00eda del p\u00e1rroco. Cada comunidad organiza diferentes actividades en torno a <a class=\"mh-excerpt-more\" href=\"https:\/\/www.obispadorqta.org.ar\/v3\/dia-del-parroco-3\/\" title=\"D\u00cdA DEL P\u00c1RROCO\">[&#8230;]<\/a><\/p>\n<\/div>","protected":false},"author":3,"featured_media":1884,"comment_status":"closed","ping_status":"open","sticky":false,"template":"","format":"standard","meta":{"footnotes":""},"categories":[1,28],"tags":[],"class_list":["post-1877","post","type-post","status-publish","format-standard","has-post-thumbnail","hentry","category-sin-categoria","category-latest-news"],"_links":{"self":[{"href":"https:\/\/www.obispadorqta.org.ar\/v3\/wp-json\/wp\/v2\/posts\/1877","targetHints":{"allow":["GET"]}}],"collection":[{"href":"https:\/\/www.obispadorqta.org.ar\/v3\/wp-json\/wp\/v2\/posts"}],"about":[{"href":"https:\/\/www.obispadorqta.org.ar\/v3\/wp-json\/wp\/v2\/types\/post"}],"author":[{"embeddable":true,"href":"https:\/\/www.obispadorqta.org.ar\/v3\/wp-json\/wp\/v2\/users\/3"}],"replies":[{"embeddable":true,"href":"https:\/\/www.obispadorqta.org.ar\/v3\/wp-json\/wp\/v2\/comments?post=1877"}],"version-history":[{"count":1,"href":"https:\/\/www.obispadorqta.org.ar\/v3\/wp-json\/wp\/v2\/posts\/1877\/revisions"}],"predecessor-version":[{"id":1879,"href":"https:\/\/www.obispadorqta.org.ar\/v3\/wp-json\/wp\/v2\/posts\/1877\/revisions\/1879"}],"wp:featuredmedia":[{"embeddable":true,"href":"https:\/\/www.obispadorqta.org.ar\/v3\/wp-json\/wp\/v2\/media\/1884"}],"wp:attachment":[{"href":"https:\/\/www.obispadorqta.org.ar\/v3\/wp-json\/wp\/v2\/media?parent=1877"}],"wp:term":[{"taxonomy":"category","embeddable":true,"href":"https:\/\/www.obispadorqta.org.ar\/v3\/wp-json\/wp\/v2\/categories?post=1877"},{"taxonomy":"post_tag","embeddable":true,"href":"https:\/\/www.obispadorqta.org.ar\/v3\/wp-json\/wp\/v2\/tags?post=1877"}],"curies":[{"name":"wp","href":"https:\/\/api.w.org\/{rel}","templated":true}]}}