{"id":1885,"date":"2017-07-31T12:42:06","date_gmt":"2017-07-31T12:42:06","guid":{"rendered":"http:\/\/www.obispadorqta.org.ar\/v3\/?p=1885"},"modified":"2017-07-31T12:52:30","modified_gmt":"2017-07-31T12:52:30","slug":"1885-2","status":"publish","type":"post","link":"https:\/\/www.obispadorqta.org.ar\/v3\/1885-2\/","title":{"rendered":"MEMORIA DEL P. ARMANDO IACUZZI"},"content":{"rendered":"<p style=\"text-align: justify;\"><span style=\"color: #000000;\">El pr\u00f3ximo s\u00e1bado 5 de Agosto, a las 18.30 hs., se celebrar\u00e1 la fiesta patronal de la capilla Fraternidad de nuestra ciudad, dedicada al misterio de la Transfiguraci\u00f3n del Se\u00f1or, con la Eucarist\u00eda presidida por el Obispo Diocesano, Mons. \u00c1ngel Jos\u00e9 Mac\u00edn.<\/span><\/p>\n<p style=\"text-align: justify;\"><span style=\"color: #000000;\">Con ocasi\u00f3n de esta solemnidad, se recordar\u00e1 de un modo especial al P. Armando Iacuzzi, en un nuevo aniversario de su partida a la casa del Padre. En dicho lugar, el P. Armando vivi\u00f3 varios a\u00f1os y desarroll\u00f3 un fecundo ministerio pastoral. Invitamos a todos los fieles de la zona a unirse a este momento de especial significaci\u00f3n en el contexto de los sesenta a\u00f1os de la Di\u00f3cesis de Reconquista.<\/span><\/p>\n","protected":false},"excerpt":{"rendered":"<div class=\"mh-excerpt\"><p>El pr\u00f3ximo s\u00e1bado 5 de Agosto, a las 18.30 hs., se celebrar\u00e1 la fiesta patronal de la capilla Fraternidad de nuestra ciudad, dedicada al misterio <a class=\"mh-excerpt-more\" href=\"https:\/\/www.obispadorqta.org.ar\/v3\/1885-2\/\" title=\"MEMORIA DEL P. ARMANDO IACUZZI\">[&#8230;]<\/a><\/p>\n<\/div>","protected":false},"author":3,"featured_media":1886,"comment_status":"open","ping_status":"open","sticky":false,"template":"","format":"standard","meta":{"footnotes":""},"categories":[1],"tags":[],"class_list":["post-1885","post","type-post","status-publish","format-standard","has-post-thumbnail","hentry","category-sin-categoria"],"_links":{"self":[{"href":"https:\/\/www.obispadorqta.org.ar\/v3\/wp-json\/wp\/v2\/posts\/1885","targetHints":{"allow":["GET"]}}],"collection":[{"href":"https:\/\/www.obispadorqta.org.ar\/v3\/wp-json\/wp\/v2\/posts"}],"about":[{"href":"https:\/\/www.obispadorqta.org.ar\/v3\/wp-json\/wp\/v2\/types\/post"}],"author":[{"embeddable":true,"href":"https:\/\/www.obispadorqta.org.ar\/v3\/wp-json\/wp\/v2\/users\/3"}],"replies":[{"embeddable":true,"href":"https:\/\/www.obispadorqta.org.ar\/v3\/wp-json\/wp\/v2\/comments?post=1885"}],"version-history":[{"count":3,"href":"https:\/\/www.obispadorqta.org.ar\/v3\/wp-json\/wp\/v2\/posts\/1885\/revisions"}],"predecessor-version":[{"id":1889,"href":"https:\/\/www.obispadorqta.org.ar\/v3\/wp-json\/wp\/v2\/posts\/1885\/revisions\/1889"}],"wp:featuredmedia":[{"embeddable":true,"href":"https:\/\/www.obispadorqta.org.ar\/v3\/wp-json\/wp\/v2\/media\/1886"}],"wp:attachment":[{"href":"https:\/\/www.obispadorqta.org.ar\/v3\/wp-json\/wp\/v2\/media?parent=1885"}],"wp:term":[{"taxonomy":"category","embeddable":true,"href":"https:\/\/www.obispadorqta.org.ar\/v3\/wp-json\/wp\/v2\/categories?post=1885"},{"taxonomy":"post_tag","embeddable":true,"href":"https:\/\/www.obispadorqta.org.ar\/v3\/wp-json\/wp\/v2\/tags?post=1885"}],"curies":[{"name":"wp","href":"https:\/\/api.w.org\/{rel}","templated":true}]}}