{"id":1892,"date":"2017-08-01T14:48:36","date_gmt":"2017-08-01T14:48:36","guid":{"rendered":"http:\/\/www.obispadorqta.org.ar\/v3\/?p=1892"},"modified":"2017-08-01T14:48:36","modified_gmt":"2017-08-01T14:48:36","slug":"memorias-de-la-hna-silvina-pagura","status":"publish","type":"post","link":"https:\/\/www.obispadorqta.org.ar\/v3\/memorias-de-la-hna-silvina-pagura\/","title":{"rendered":"MEMORIAS DE LA HNA. SILVINA PAGURA"},"content":{"rendered":"<p style=\"text-align: justify;\"><span style=\"color: #000000;\">La Comunidad de las Hijas de Jes\u00fas invitan a la presentaci\u00f3n del libro <strong><em>\u201cApuntes de Vida\u2026 Una Historia de Dolor y Esperanza\u201d<\/em><\/strong>, escrito por la religiosa ocampense Silvina Pagura. Se llevar\u00e1 a cabo el d\u00eda 04 de agosto en el\u00a0Complejo Arno de Villa Ocampo.-<\/span><\/p>\n<p style=\"text-align: justify;\"><span style=\"color: #000000;\">Esta publicaci\u00f3n surge luego de que estando en C\u00f3rdoba, la sorprendiera su enfermedad que, lejos de resistir, la enfrent\u00f3 con valent\u00eda; y de all\u00ed, de su experiencia, nace la idea de escribir sobre las vivencias producto de esta situaci\u00f3n, confiando que servir\u00eda de ayuda a muchos semejantes; ese fue su deseo.<\/span><\/p>\n<p style=\"text-align: justify;\">\n","protected":false},"excerpt":{"rendered":"<div class=\"mh-excerpt\"><p>La Comunidad de las Hijas de Jes\u00fas invitan a la presentaci\u00f3n del libro \u201cApuntes de Vida\u2026 Una Historia de Dolor y Esperanza\u201d, escrito por la <a class=\"mh-excerpt-more\" href=\"https:\/\/www.obispadorqta.org.ar\/v3\/memorias-de-la-hna-silvina-pagura\/\" title=\"MEMORIAS DE LA HNA. SILVINA PAGURA\">[&#8230;]<\/a><\/p>\n<\/div>","protected":false},"author":3,"featured_media":1893,"comment_status":"open","ping_status":"open","sticky":false,"template":"","format":"standard","meta":{"footnotes":""},"categories":[1],"tags":[],"class_list":["post-1892","post","type-post","status-publish","format-standard","has-post-thumbnail","hentry","category-sin-categoria"],"_links":{"self":[{"href":"https:\/\/www.obispadorqta.org.ar\/v3\/wp-json\/wp\/v2\/posts\/1892","targetHints":{"allow":["GET"]}}],"collection":[{"href":"https:\/\/www.obispadorqta.org.ar\/v3\/wp-json\/wp\/v2\/posts"}],"about":[{"href":"https:\/\/www.obispadorqta.org.ar\/v3\/wp-json\/wp\/v2\/types\/post"}],"author":[{"embeddable":true,"href":"https:\/\/www.obispadorqta.org.ar\/v3\/wp-json\/wp\/v2\/users\/3"}],"replies":[{"embeddable":true,"href":"https:\/\/www.obispadorqta.org.ar\/v3\/wp-json\/wp\/v2\/comments?post=1892"}],"version-history":[{"count":2,"href":"https:\/\/www.obispadorqta.org.ar\/v3\/wp-json\/wp\/v2\/posts\/1892\/revisions"}],"predecessor-version":[{"id":1895,"href":"https:\/\/www.obispadorqta.org.ar\/v3\/wp-json\/wp\/v2\/posts\/1892\/revisions\/1895"}],"wp:featuredmedia":[{"embeddable":true,"href":"https:\/\/www.obispadorqta.org.ar\/v3\/wp-json\/wp\/v2\/media\/1893"}],"wp:attachment":[{"href":"https:\/\/www.obispadorqta.org.ar\/v3\/wp-json\/wp\/v2\/media?parent=1892"}],"wp:term":[{"taxonomy":"category","embeddable":true,"href":"https:\/\/www.obispadorqta.org.ar\/v3\/wp-json\/wp\/v2\/categories?post=1892"},{"taxonomy":"post_tag","embeddable":true,"href":"https:\/\/www.obispadorqta.org.ar\/v3\/wp-json\/wp\/v2\/tags?post=1892"}],"curies":[{"name":"wp","href":"https:\/\/api.w.org\/{rel}","templated":true}]}}