{"id":191,"date":"2009-09-02T20:28:36","date_gmt":"2009-09-02T20:28:36","guid":{"rendered":"http:\/\/www.obispadorqta.org.ar\/v3\/gonzalez-rolando-danilo\/"},"modified":"2025-10-30T09:25:49","modified_gmt":"2025-10-30T12:25:49","slug":"gonzalez-rolando-danilo","status":"publish","type":"post","link":"https:\/\/www.obispadorqta.org.ar\/v3\/gonzalez-rolando-danilo\/","title":{"rendered":"GONZ\u00c1LEZ, Rolando Danilo"},"content":{"rendered":"<p style=\"font-family: Verdana,Arial,Helvetica,sans-serif; font-size: 10px; font-style: normal; line-height: normal;\"><span style=\"color: #000000;\"><u><strong><img loading=\"lazy\" decoding=\"async\" src=\"https:\/\/fbcdn-sphotos-g-a.akamaihd.net\/hphotos-ak-xaf1\/v\/t1.0-9\/185353_126155330814300_3460939_n.jpg?oh=cbfdbedcf7fbaf19a4deed5e4b2f6ee7&amp;oe=561E4C6B&amp;__gda__=1441573964_cf23576e51787517e8d014ea1d59ed80\" width=\"139\" height=\"151\" align=\"left\" border=\"0\" \/><\/strong><\/u><\/span><\/p>\n<p><strong>Datos Personales:<\/strong><br \/>\nNaci\u00f3 el 03 de Enero de 1969 en Calchaqu\u00ed (Santa Fe).<\/p>\n<p><strong>Estudios Realizados y formaci\u00f3n recibida:<\/strong><br \/>\nRecibi\u00f3 el Sacramento del Orden Sagrado en el grado de Presbiterado el 26 de Junio de 2005.<\/p>\n<p>Licenciado en Teolog\u00eda Moral.<\/p>\n<p><strong>Experiencia Pastoral:<\/strong><\/p>\n<p>\u2022 Vicario Parroquial de la Parroquia \u00abInmaculada Concepci\u00f3n\u00bb de Reconquista.<br \/>\n\u2022 Vicario de la Parroquia \u201cMar\u00eda Madre de Dios\u201d de Reconquista.<br \/>\n\u2022 Asesor del Equipo Diocesano de Pastoral de Juventud<br \/>\n\u2022 Asesor del Equipo Diocesano de Pastoral Vocacional<br \/>\n\u2022 Asesor del Consejo de Asuntos Econ\u00f3micos Diocesano<br \/>\n\u2022 Miembro del Consejo Diocesano de Pastoral<br \/>\n\u2022 Cura P\u00e1rroco de la Parroquia \u00abLa Encarnaci\u00f3n del Se\u00f1or\u00bb de La Sarita<br \/>\n\u2022 Cura P\u00e1rroco de la Parroquia \u00abInmaculada Concepci\u00f3n\u00bb de Villa Ocampo<\/p>\n<p><strong>Oficio Pastoral actual:<\/strong><\/p>\n<p>\u2022 Cura p\u00e1rroco de la Parroquia \u00abSan Roque\u00bb de Reconquista.<\/p>\n<p>\u2022 Ec\u00f3nomo de la Curia Diocesana<\/p>\n<p>\u2022 Profesor en el Seminario Mayor \u201cLa Encarnaci\u00f3n\u201d de Resistencia<\/p>\n<p><strong>Asesor\u00eda<\/strong><\/p>\n<p>Domicilio: Jesusa T. de Chapero y Fuerza A\u00e9rea<\/p>\n<p>Tel\u00e9fono: 03482 \u2013 430500<\/p>\n","protected":false},"excerpt":{"rendered":"<div class=\"mh-excerpt\"><p>Datos Personales: Naci\u00f3 el 03 de Enero de 1969 en Calchaqu\u00ed (Santa Fe). Estudios Realizados y formaci\u00f3n recibida: Recibi\u00f3 el Sacramento del Orden Sagrado en <a class=\"mh-excerpt-more\" href=\"https:\/\/www.obispadorqta.org.ar\/v3\/gonzalez-rolando-danilo\/\" title=\"GONZ\u00c1LEZ, Rolando Danilo\">[&#8230;]<\/a><\/p>\n<\/div>","protected":false},"author":1,"featured_media":0,"comment_status":"closed","ping_status":"open","sticky":false,"template":"","format":"standard","meta":{"footnotes":""},"categories":[59],"tags":[],"class_list":["post-191","post","type-post","status-publish","format-standard","hentry","category-presbiteros-diocesanos"],"_links":{"self":[{"href":"https:\/\/www.obispadorqta.org.ar\/v3\/wp-json\/wp\/v2\/posts\/191","targetHints":{"allow":["GET"]}}],"collection":[{"href":"https:\/\/www.obispadorqta.org.ar\/v3\/wp-json\/wp\/v2\/posts"}],"about":[{"href":"https:\/\/www.obispadorqta.org.ar\/v3\/wp-json\/wp\/v2\/types\/post"}],"author":[{"embeddable":true,"href":"https:\/\/www.obispadorqta.org.ar\/v3\/wp-json\/wp\/v2\/users\/1"}],"replies":[{"embeddable":true,"href":"https:\/\/www.obispadorqta.org.ar\/v3\/wp-json\/wp\/v2\/comments?post=191"}],"version-history":[{"count":3,"href":"https:\/\/www.obispadorqta.org.ar\/v3\/wp-json\/wp\/v2\/posts\/191\/revisions"}],"predecessor-version":[{"id":11619,"href":"https:\/\/www.obispadorqta.org.ar\/v3\/wp-json\/wp\/v2\/posts\/191\/revisions\/11619"}],"wp:attachment":[{"href":"https:\/\/www.obispadorqta.org.ar\/v3\/wp-json\/wp\/v2\/media?parent=191"}],"wp:term":[{"taxonomy":"category","embeddable":true,"href":"https:\/\/www.obispadorqta.org.ar\/v3\/wp-json\/wp\/v2\/categories?post=191"},{"taxonomy":"post_tag","embeddable":true,"href":"https:\/\/www.obispadorqta.org.ar\/v3\/wp-json\/wp\/v2\/tags?post=191"}],"curies":[{"name":"wp","href":"https:\/\/api.w.org\/{rel}","templated":true}]}}