{"id":1917,"date":"2017-08-11T13:05:17","date_gmt":"2017-08-11T13:05:17","guid":{"rendered":"http:\/\/www.obispadorqta.org.ar\/v3\/?p=1917"},"modified":"2017-08-11T13:05:17","modified_gmt":"2017-08-11T13:05:17","slug":"formacion-de-catequistas","status":"publish","type":"post","link":"https:\/\/www.obispadorqta.org.ar\/v3\/formacion-de-catequistas\/","title":{"rendered":"FORMACI\u00d3N DE CATEQUISTAS"},"content":{"rendered":"<p style=\"text-align: justify;\"><span style=\"color: #000000;\">El s\u00e1bado 12 de Agosto, de 8.00 a 12.00, comenzar\u00e1 con un encuentro en el Colegio San Jos\u00e9, un itinerario de formaci\u00f3n semi-presencial de catequistas, que se prolongar\u00e1 durante los pr\u00f3ximos meses.<\/span><\/p>\n<p style=\"text-align: justify;\"><span style=\"color: #000000;\">La ocasi\u00f3n ser\u00e1 propicia tambi\u00e9n para celebrar con anticipaci\u00f3n y a nivel diocesano, el D\u00eda del Catequista, que se recuerda el 21 de agosto, memoria de San Pio X, patrono de los catequistas.<\/span><\/p>\n","protected":false},"excerpt":{"rendered":"<div class=\"mh-excerpt\"><p>El s\u00e1bado 12 de Agosto, de 8.00 a 12.00, comenzar\u00e1 con un encuentro en el Colegio San Jos\u00e9, un itinerario de formaci\u00f3n semi-presencial de catequistas, <a class=\"mh-excerpt-more\" href=\"https:\/\/www.obispadorqta.org.ar\/v3\/formacion-de-catequistas\/\" title=\"FORMACI\u00d3N DE CATEQUISTAS\">[&#8230;]<\/a><\/p>\n<\/div>","protected":false},"author":3,"featured_media":1918,"comment_status":"open","ping_status":"open","sticky":false,"template":"","format":"standard","meta":{"footnotes":""},"categories":[1],"tags":[],"class_list":["post-1917","post","type-post","status-publish","format-standard","has-post-thumbnail","hentry","category-sin-categoria"],"_links":{"self":[{"href":"https:\/\/www.obispadorqta.org.ar\/v3\/wp-json\/wp\/v2\/posts\/1917","targetHints":{"allow":["GET"]}}],"collection":[{"href":"https:\/\/www.obispadorqta.org.ar\/v3\/wp-json\/wp\/v2\/posts"}],"about":[{"href":"https:\/\/www.obispadorqta.org.ar\/v3\/wp-json\/wp\/v2\/types\/post"}],"author":[{"embeddable":true,"href":"https:\/\/www.obispadorqta.org.ar\/v3\/wp-json\/wp\/v2\/users\/3"}],"replies":[{"embeddable":true,"href":"https:\/\/www.obispadorqta.org.ar\/v3\/wp-json\/wp\/v2\/comments?post=1917"}],"version-history":[{"count":2,"href":"https:\/\/www.obispadorqta.org.ar\/v3\/wp-json\/wp\/v2\/posts\/1917\/revisions"}],"predecessor-version":[{"id":1920,"href":"https:\/\/www.obispadorqta.org.ar\/v3\/wp-json\/wp\/v2\/posts\/1917\/revisions\/1920"}],"wp:featuredmedia":[{"embeddable":true,"href":"https:\/\/www.obispadorqta.org.ar\/v3\/wp-json\/wp\/v2\/media\/1918"}],"wp:attachment":[{"href":"https:\/\/www.obispadorqta.org.ar\/v3\/wp-json\/wp\/v2\/media?parent=1917"}],"wp:term":[{"taxonomy":"category","embeddable":true,"href":"https:\/\/www.obispadorqta.org.ar\/v3\/wp-json\/wp\/v2\/categories?post=1917"},{"taxonomy":"post_tag","embeddable":true,"href":"https:\/\/www.obispadorqta.org.ar\/v3\/wp-json\/wp\/v2\/tags?post=1917"}],"curies":[{"name":"wp","href":"https:\/\/api.w.org\/{rel}","templated":true}]}}