{"id":192,"date":"2009-09-02T20:31:46","date_gmt":"2009-09-02T20:31:46","guid":{"rendered":"http:\/\/www.obispadorqta.org.ar\/v3\/faccioli-omar-abel\/"},"modified":"2023-11-07T09:08:38","modified_gmt":"2023-11-07T12:08:38","slug":"faccioli-omar-abel","status":"publish","type":"post","link":"https:\/\/www.obispadorqta.org.ar\/v3\/faccioli-omar-abel\/","title":{"rendered":"FACCIOLI, Omar Abel"},"content":{"rendered":"<p>Datos Personales<br \/>\nNaci\u00f3 el 28 de Julio de 1957 en Malabrigo (Santa Fe).<\/p>\n<p>Estudios Realizados y formaci\u00f3n recibida<\/p>\n<p>Recibi\u00f3 el Sacramento del Orden Sagrado en el grado de Presbiterado el 07 de Junio de 1987.<\/p>\n<p>Experiencia Pastoral<\/p>\n<p>\u2022 Cura P\u00e1rroco de la parroquia \u00abNuestra Se\u00f1ora de Itat\u00ed\u00bb de Fort\u00edn Olmos<br \/>\n\u2022 Cura P\u00e1rroco de la Parroquia \u00abSagrado Coraz\u00f3n de Jes\u00fas\u00bb de La Gallareta<br \/>\n\u2022 Cura P\u00e1rroco de la Parroquia \u00abSan Roque\u00bb de Margarita<br \/>\n\u2022 Asesor Diocesano de Diocesano de Cursillo de Cristiandad<br \/>\n\u2022 Cura P\u00e1rroco de la Parroquia \u00abSagrado Coraz\u00f3n de Jes\u00fas\u00bb de Romang<br \/>\n\u2022 Cura P\u00e1rroco de la Parroquia \u00abSagrado Coraz\u00f3n de Jes\u00fas\u00bb de Villa Ana<br \/>\n\u2022 Cura P\u00e1rroco de la Parroquia \u00abNuestra Se\u00f1ora del Rosario\u00bb de Lanteri<br \/>\n\u2022 Miembro del Consejo Diocesano de Presbiterio<br \/>\n\u2022 Vicario Parroquial de la parroquia\u00a0\u00abSan Roque\u00bb de Reconquista<br \/>\n\u2022 Vicario Parroquial de la Parroquia \u00abInmaculada Concepci\u00f3n\u00bb de Villa Ocampo<\/p>\n<p>Oficio Pastoral Actual<\/p>\n<p>P\u00e1rroco de la Pquia. \u201cLa Encarnaci\u00f3n del Se\u00f1or\u201d con sede en La Sarita<br \/>\nMiembro del Colegio Diocesano de Consultores<\/p>\n<p>Asesor\u00edas<\/p>\n<p>Domicilio: Av. Tibaldo N\u00ba 1510<\/p>\n<p>Tel\u00e9fono: 03482 \u2013 466270<\/p>\n<p>Villa Ocampo &#8211; Provincia de Santa Fe<\/p>\n","protected":false},"excerpt":{"rendered":"<div class=\"mh-excerpt\"><p>Datos Personales Naci\u00f3 el 28 de Julio de 1957 en Malabrigo (Santa Fe). Estudios Realizados y formaci\u00f3n recibida Recibi\u00f3 el Sacramento del Orden Sagrado en <a class=\"mh-excerpt-more\" href=\"https:\/\/www.obispadorqta.org.ar\/v3\/faccioli-omar-abel\/\" title=\"FACCIOLI, Omar Abel\">[&#8230;]<\/a><\/p>\n<\/div>","protected":false},"author":1,"featured_media":0,"comment_status":"closed","ping_status":"open","sticky":false,"template":"","format":"standard","meta":{"footnotes":""},"categories":[59],"tags":[],"class_list":["post-192","post","type-post","status-publish","format-standard","hentry","category-presbiteros-diocesanos"],"_links":{"self":[{"href":"https:\/\/www.obispadorqta.org.ar\/v3\/wp-json\/wp\/v2\/posts\/192","targetHints":{"allow":["GET"]}}],"collection":[{"href":"https:\/\/www.obispadorqta.org.ar\/v3\/wp-json\/wp\/v2\/posts"}],"about":[{"href":"https:\/\/www.obispadorqta.org.ar\/v3\/wp-json\/wp\/v2\/types\/post"}],"author":[{"embeddable":true,"href":"https:\/\/www.obispadorqta.org.ar\/v3\/wp-json\/wp\/v2\/users\/1"}],"replies":[{"embeddable":true,"href":"https:\/\/www.obispadorqta.org.ar\/v3\/wp-json\/wp\/v2\/comments?post=192"}],"version-history":[{"count":4,"href":"https:\/\/www.obispadorqta.org.ar\/v3\/wp-json\/wp\/v2\/posts\/192\/revisions"}],"predecessor-version":[{"id":9301,"href":"https:\/\/www.obispadorqta.org.ar\/v3\/wp-json\/wp\/v2\/posts\/192\/revisions\/9301"}],"wp:attachment":[{"href":"https:\/\/www.obispadorqta.org.ar\/v3\/wp-json\/wp\/v2\/media?parent=192"}],"wp:term":[{"taxonomy":"category","embeddable":true,"href":"https:\/\/www.obispadorqta.org.ar\/v3\/wp-json\/wp\/v2\/categories?post=192"},{"taxonomy":"post_tag","embeddable":true,"href":"https:\/\/www.obispadorqta.org.ar\/v3\/wp-json\/wp\/v2\/tags?post=192"}],"curies":[{"name":"wp","href":"https:\/\/api.w.org\/{rel}","templated":true}]}}