{"id":1921,"date":"2017-08-11T13:16:22","date_gmt":"2017-08-11T13:16:22","guid":{"rendered":"http:\/\/www.obispadorqta.org.ar\/v3\/?p=1921"},"modified":"2017-08-11T13:24:01","modified_gmt":"2017-08-11T13:24:01","slug":"visita-pastoral-a-la-parroquia-sagrado-corazon-de-jesus-de-romang","status":"publish","type":"post","link":"https:\/\/www.obispadorqta.org.ar\/v3\/visita-pastoral-a-la-parroquia-sagrado-corazon-de-jesus-de-romang\/","title":{"rendered":"VISITA PASTORAL A LA PARROQUIA SAGRADO CORAZ\u00d3N DE JES\u00daS DE ROMANG"},"content":{"rendered":"<p style=\"text-align: justify;\"><span style=\"color: #000000;\">El lunes 14 de Agosto, el Obispo Diocesano, Mons. \u00c1ngel Jos\u00e9 Mac\u00edn, iniciar\u00e1 la Visita Pastoral a la Parroquia Sagrado Coraz\u00f3n de Jes\u00fas de Romang. La misma se prolongar\u00e1 hasta el domingo 20, concluyendo con un encuentro de grupos comprometidos en la Pastoral de Adicciones.<\/span><\/p>\n<p style=\"text-align: justify;\"><span style=\"color: #000000;\">Recordamos que la Visita Pastoral es una providencia que contempla la Iglesia en el ministerio del Obispo, y tiene por finalidad favorecer una mayor cercan\u00eda del sucesor de los ap\u00f3stoles con las comunidades que constituyen la Iglesia Particular que le ha sido encomendada. La permanencia en el lugar, la visita a lugares significativos, la escucha y el di\u00e1logo con las comunidades y con las personas, son actividades propias de esta sencilla experiencia de comuni\u00f3n.<\/span><\/p>\n<p style=\"text-align: justify;\"><span style=\"color: #000000;\">Invitamos a todos a rezar por los frutos de este evento.<\/span><\/p>\n<p>&nbsp;<\/p>\n","protected":false},"excerpt":{"rendered":"<div class=\"mh-excerpt\"><p>El lunes 14 de Agosto, el Obispo Diocesano, Mons. \u00c1ngel Jos\u00e9 Mac\u00edn, iniciar\u00e1 la Visita Pastoral a la Parroquia Sagrado Coraz\u00f3n de Jes\u00fas de Romang. <a class=\"mh-excerpt-more\" href=\"https:\/\/www.obispadorqta.org.ar\/v3\/visita-pastoral-a-la-parroquia-sagrado-corazon-de-jesus-de-romang\/\" title=\"VISITA PASTORAL A LA PARROQUIA SAGRADO CORAZ\u00d3N DE JES\u00daS DE ROMANG\">[&#8230;]<\/a><\/p>\n<\/div>","protected":false},"author":3,"featured_media":1926,"comment_status":"open","ping_status":"open","sticky":false,"template":"","format":"standard","meta":{"footnotes":""},"categories":[1],"tags":[],"class_list":["post-1921","post","type-post","status-publish","format-standard","has-post-thumbnail","hentry","category-sin-categoria"],"_links":{"self":[{"href":"https:\/\/www.obispadorqta.org.ar\/v3\/wp-json\/wp\/v2\/posts\/1921","targetHints":{"allow":["GET"]}}],"collection":[{"href":"https:\/\/www.obispadorqta.org.ar\/v3\/wp-json\/wp\/v2\/posts"}],"about":[{"href":"https:\/\/www.obispadorqta.org.ar\/v3\/wp-json\/wp\/v2\/types\/post"}],"author":[{"embeddable":true,"href":"https:\/\/www.obispadorqta.org.ar\/v3\/wp-json\/wp\/v2\/users\/3"}],"replies":[{"embeddable":true,"href":"https:\/\/www.obispadorqta.org.ar\/v3\/wp-json\/wp\/v2\/comments?post=1921"}],"version-history":[{"count":1,"href":"https:\/\/www.obispadorqta.org.ar\/v3\/wp-json\/wp\/v2\/posts\/1921\/revisions"}],"predecessor-version":[{"id":1923,"href":"https:\/\/www.obispadorqta.org.ar\/v3\/wp-json\/wp\/v2\/posts\/1921\/revisions\/1923"}],"wp:featuredmedia":[{"embeddable":true,"href":"https:\/\/www.obispadorqta.org.ar\/v3\/wp-json\/wp\/v2\/media\/1926"}],"wp:attachment":[{"href":"https:\/\/www.obispadorqta.org.ar\/v3\/wp-json\/wp\/v2\/media?parent=1921"}],"wp:term":[{"taxonomy":"category","embeddable":true,"href":"https:\/\/www.obispadorqta.org.ar\/v3\/wp-json\/wp\/v2\/categories?post=1921"},{"taxonomy":"post_tag","embeddable":true,"href":"https:\/\/www.obispadorqta.org.ar\/v3\/wp-json\/wp\/v2\/tags?post=1921"}],"curies":[{"name":"wp","href":"https:\/\/api.w.org\/{rel}","templated":true}]}}