{"id":1935,"date":"2017-08-22T13:31:47","date_gmt":"2017-08-22T13:31:47","guid":{"rendered":"http:\/\/www.obispadorqta.org.ar\/v3\/?p=1935"},"modified":"2017-08-23T11:30:31","modified_gmt":"2017-08-23T11:30:31","slug":"10-ano-del-monasterio-de-las-hermanas-carmelitas","status":"publish","type":"post","link":"https:\/\/www.obispadorqta.org.ar\/v3\/10-ano-del-monasterio-de-las-hermanas-carmelitas\/","title":{"rendered":"10 a\u00f1os del Monasterio de las Hermanas Carmelitas"},"content":{"rendered":"<p>Las Hermanas Carmelitas invitan a celebrar los primeros 10 a\u00f1os de vida del Monasterio \u00abSan Jos\u00e9\u00bb en nuestra di\u00f3cesis, el d\u00eda 24 de agosto a las 19,30 hs.<\/p>\n<p>La Eucarist\u00eda ser\u00e1 presidida por nuestro Obispo Mons. \u00c1ngel Jos\u00e9 Mac\u00edn.<\/p>\n<p>Luego proyectaremos im\u00e1genes de esta historia de Amor de Dios para con nosotras.<\/p>\n<p>Los esperamos<\/p>\n","protected":false},"excerpt":{"rendered":"<div class=\"mh-excerpt\"><p>Las Hermanas Carmelitas invitan a celebrar los primeros 10 a\u00f1os de vida del Monasterio \u00abSan Jos\u00e9\u00bb en nuestra di\u00f3cesis, el d\u00eda 24 de agosto a <a class=\"mh-excerpt-more\" href=\"https:\/\/www.obispadorqta.org.ar\/v3\/10-ano-del-monasterio-de-las-hermanas-carmelitas\/\" title=\"10 a\u00f1os del Monasterio de las Hermanas Carmelitas\">[&#8230;]<\/a><\/p>\n<\/div>","protected":false},"author":3,"featured_media":1943,"comment_status":"closed","ping_status":"open","sticky":false,"template":"","format":"standard","meta":{"footnotes":""},"categories":[28],"tags":[],"class_list":["post-1935","post","type-post","status-publish","format-standard","has-post-thumbnail","hentry","category-latest-news"],"_links":{"self":[{"href":"https:\/\/www.obispadorqta.org.ar\/v3\/wp-json\/wp\/v2\/posts\/1935","targetHints":{"allow":["GET"]}}],"collection":[{"href":"https:\/\/www.obispadorqta.org.ar\/v3\/wp-json\/wp\/v2\/posts"}],"about":[{"href":"https:\/\/www.obispadorqta.org.ar\/v3\/wp-json\/wp\/v2\/types\/post"}],"author":[{"embeddable":true,"href":"https:\/\/www.obispadorqta.org.ar\/v3\/wp-json\/wp\/v2\/users\/3"}],"replies":[{"embeddable":true,"href":"https:\/\/www.obispadorqta.org.ar\/v3\/wp-json\/wp\/v2\/comments?post=1935"}],"version-history":[{"count":4,"href":"https:\/\/www.obispadorqta.org.ar\/v3\/wp-json\/wp\/v2\/posts\/1935\/revisions"}],"predecessor-version":[{"id":1947,"href":"https:\/\/www.obispadorqta.org.ar\/v3\/wp-json\/wp\/v2\/posts\/1935\/revisions\/1947"}],"wp:featuredmedia":[{"embeddable":true,"href":"https:\/\/www.obispadorqta.org.ar\/v3\/wp-json\/wp\/v2\/media\/1943"}],"wp:attachment":[{"href":"https:\/\/www.obispadorqta.org.ar\/v3\/wp-json\/wp\/v2\/media?parent=1935"}],"wp:term":[{"taxonomy":"category","embeddable":true,"href":"https:\/\/www.obispadorqta.org.ar\/v3\/wp-json\/wp\/v2\/categories?post=1935"},{"taxonomy":"post_tag","embeddable":true,"href":"https:\/\/www.obispadorqta.org.ar\/v3\/wp-json\/wp\/v2\/tags?post=1935"}],"curies":[{"name":"wp","href":"https:\/\/api.w.org\/{rel}","templated":true}]}}