{"id":194,"date":"2009-09-02T20:38:27","date_gmt":"2009-09-02T20:38:27","guid":{"rendered":"http:\/\/www.obispadorqta.org.ar\/v3\/fabbro-silvio-orlando\/"},"modified":"2023-11-07T09:07:03","modified_gmt":"2023-11-07T12:07:03","slug":"fabbro-silvio-orlando","status":"publish","type":"post","link":"https:\/\/www.obispadorqta.org.ar\/v3\/fabbro-silvio-orlando\/","title":{"rendered":"FABBRO, Silvio Orlando"},"content":{"rendered":"<p><img loading=\"lazy\" decoding=\"async\" class=\" wp-image-5906 alignleft\" src=\"https:\/\/www.obispadorqta.org.ar\/v3\/wp-content\/uploads\/2020\/11\/Silvio-5.jpg\" alt=\"\" width=\"110\" height=\"153\" srcset=\"https:\/\/www.obispadorqta.org.ar\/v3\/wp-content\/uploads\/2020\/11\/Silvio-5.jpg 271w, https:\/\/www.obispadorqta.org.ar\/v3\/wp-content\/uploads\/2020\/11\/Silvio-5-216x300.jpg 216w\" sizes=\"auto, (max-width: 110px) 100vw, 110px\" \/><\/p>\n<p><strong>Datos personales:<\/strong><\/p>\n<p>Naci\u00f3 el 31 de Agosto de 1973 en Malabrigo (Santa Fe).<\/p>\n<p><u><strong>Estudios realizados y formaci\u00f3n recibida:<\/strong><\/u><\/p>\n<p>Recibi\u00f3 el Sacramento del Orden Sagrado en el grado de Presbiterado el 25 de Abril de 2004.<\/p>\n<p><strong>Experiencia Pastoral:<\/strong><\/p>\n<p>Moderador Pastoral Parroquia \u00abLa Encarnaci\u00f3n del Se\u00f1or\u00bb de La Sarita<\/p>\n<p>Vicario Parroquial de la Parroquia \u00abSan Juan Bautista\u00bb de Vera.<\/p>\n<p>P\u00e1rroco de la Parroquia \u00abNuestra Se\u00f1ora de la Merced\u00bb de Avellaneda.<\/p>\n<p>Miembro del Consejo Diocesano de Presbiterio<\/p>\n<p><strong>Oficio Pastoral actual:<\/strong><\/p>\n<p>Vicario General de la Di\u00f3cesis de Reconquista<\/p>\n<p>P\u00e1rroco de la Pquia. Inmaculada Concepci\u00f3n de Reconquista y Rector de la Iglesia Catedral<\/p>\n<p><strong>Asesor\u00edas:<\/strong><br \/>\n\u2022 Asesor de la Pastoral Diocesana Familiar<br \/>\n\u2022 Asesor de la Renovaci\u00f3n Diocesana Carism\u00e1tica Cat\u00f3lica<br \/>\n\u2022 Asesor de la Pastoral Vocacional Diocesana<\/p>\n<p>Domicilio: Chacabuco 841 &#8211; 3560 Reconquista &#8211; Santa Fe<\/p>\n","protected":false},"excerpt":{"rendered":"<div class=\"mh-excerpt\"><p>Datos personales: Naci\u00f3 el 31 de Agosto de 1973 en Malabrigo (Santa Fe). Estudios realizados y formaci\u00f3n recibida: Recibi\u00f3 el Sacramento del Orden Sagrado en <a class=\"mh-excerpt-more\" href=\"https:\/\/www.obispadorqta.org.ar\/v3\/fabbro-silvio-orlando\/\" title=\"FABBRO, Silvio Orlando\">[&#8230;]<\/a><\/p>\n<\/div>","protected":false},"author":1,"featured_media":0,"comment_status":"closed","ping_status":"open","sticky":false,"template":"","format":"standard","meta":{"footnotes":""},"categories":[59],"tags":[],"class_list":["post-194","post","type-post","status-publish","format-standard","hentry","category-presbiteros-diocesanos"],"_links":{"self":[{"href":"https:\/\/www.obispadorqta.org.ar\/v3\/wp-json\/wp\/v2\/posts\/194","targetHints":{"allow":["GET"]}}],"collection":[{"href":"https:\/\/www.obispadorqta.org.ar\/v3\/wp-json\/wp\/v2\/posts"}],"about":[{"href":"https:\/\/www.obispadorqta.org.ar\/v3\/wp-json\/wp\/v2\/types\/post"}],"author":[{"embeddable":true,"href":"https:\/\/www.obispadorqta.org.ar\/v3\/wp-json\/wp\/v2\/users\/1"}],"replies":[{"embeddable":true,"href":"https:\/\/www.obispadorqta.org.ar\/v3\/wp-json\/wp\/v2\/comments?post=194"}],"version-history":[{"count":4,"href":"https:\/\/www.obispadorqta.org.ar\/v3\/wp-json\/wp\/v2\/posts\/194\/revisions"}],"predecessor-version":[{"id":9300,"href":"https:\/\/www.obispadorqta.org.ar\/v3\/wp-json\/wp\/v2\/posts\/194\/revisions\/9300"}],"wp:attachment":[{"href":"https:\/\/www.obispadorqta.org.ar\/v3\/wp-json\/wp\/v2\/media?parent=194"}],"wp:term":[{"taxonomy":"category","embeddable":true,"href":"https:\/\/www.obispadorqta.org.ar\/v3\/wp-json\/wp\/v2\/categories?post=194"},{"taxonomy":"post_tag","embeddable":true,"href":"https:\/\/www.obispadorqta.org.ar\/v3\/wp-json\/wp\/v2\/tags?post=194"}],"curies":[{"name":"wp","href":"https:\/\/api.w.org\/{rel}","templated":true}]}}