{"id":1949,"date":"2017-08-23T15:03:43","date_gmt":"2017-08-23T15:03:43","guid":{"rendered":"http:\/\/www.obispadorqta.org.ar\/v3\/?p=1949"},"modified":"2017-08-23T15:06:21","modified_gmt":"2017-08-23T15:06:21","slug":"37o-peregrinacion-regional-de-las-familias-de-la-catequesis-especial","status":"publish","type":"post","link":"https:\/\/www.obispadorqta.org.ar\/v3\/37o-peregrinacion-regional-de-las-familias-de-la-catequesis-especial\/","title":{"rendered":"37\u00ba Peregrinaci\u00f3n Regional de las Familias de la Catequesis Especial"},"content":{"rendered":"<p style=\"text-align: justify;\"><span style=\"color: #000000;\">El domingo 27 de agosto se llevar\u00e1 a cabo la <strong>37\u00aa Peregrinaci\u00f3n Regional de las Familias de la Catequesis Especial a Itat\u00ed<\/strong>, una demostraci\u00f3n de fe que reunir\u00e1 a m\u00e1s de 3.000 cat\u00f3licos provenientes de las diez di\u00f3cesis que conforman la regi\u00f3n pastoral del Nordeste Argentino (NEA), bajo el lema<em><strong> \u00abMam\u00e1 Mar\u00eda ens\u00e9\u00f1anos a construir la Paz\u201d<\/strong><\/em>.\u00a0<\/span><\/p>\n<p><span style=\"color: #000000;\"> La bienvenida a los peregrinos comenzar\u00e1 a las 9.30. Luego se dar\u00e1 inicio a la procesi\u00f3n alrededor de la plaza, y a las 11 se celebrar\u00e1 la eucar\u00edstica en la bas\u00edlica. Posteriormente se realizar\u00e1 el almuerzo comunitario. Luego se realizar\u00e1 el tradicional fog\u00f3n momento en el que cada grupo y familia de las di\u00f3cesis presentes comparten recreaciones, n\u00fameros art\u00edsticos y vivencias con los presentes \u201cEs un momento especial de integraci\u00f3n y amor\u201d, expresaron los organizadores.<\/span><\/p>\n<p style=\"text-align: justify;\"><span style=\"color: #000000;\">De nuestra di\u00f3cesis participan alrededor de 250 familias de la las distintas parroquias<\/span><\/p>\n","protected":false},"excerpt":{"rendered":"<div class=\"mh-excerpt\"><p>El domingo 27 de agosto se llevar\u00e1 a cabo la 37\u00aa Peregrinaci\u00f3n Regional de las Familias de la Catequesis Especial a Itat\u00ed, una demostraci\u00f3n de <a class=\"mh-excerpt-more\" href=\"https:\/\/www.obispadorqta.org.ar\/v3\/37o-peregrinacion-regional-de-las-familias-de-la-catequesis-especial\/\" title=\"37\u00ba Peregrinaci\u00f3n Regional de las Familias de la Catequesis Especial\">[&#8230;]<\/a><\/p>\n<\/div>","protected":false},"author":3,"featured_media":0,"comment_status":"closed","ping_status":"open","sticky":false,"template":"","format":"standard","meta":{"footnotes":""},"categories":[1,28],"tags":[],"class_list":["post-1949","post","type-post","status-publish","format-standard","hentry","category-sin-categoria","category-latest-news"],"_links":{"self":[{"href":"https:\/\/www.obispadorqta.org.ar\/v3\/wp-json\/wp\/v2\/posts\/1949","targetHints":{"allow":["GET"]}}],"collection":[{"href":"https:\/\/www.obispadorqta.org.ar\/v3\/wp-json\/wp\/v2\/posts"}],"about":[{"href":"https:\/\/www.obispadorqta.org.ar\/v3\/wp-json\/wp\/v2\/types\/post"}],"author":[{"embeddable":true,"href":"https:\/\/www.obispadorqta.org.ar\/v3\/wp-json\/wp\/v2\/users\/3"}],"replies":[{"embeddable":true,"href":"https:\/\/www.obispadorqta.org.ar\/v3\/wp-json\/wp\/v2\/comments?post=1949"}],"version-history":[{"count":3,"href":"https:\/\/www.obispadorqta.org.ar\/v3\/wp-json\/wp\/v2\/posts\/1949\/revisions"}],"predecessor-version":[{"id":1952,"href":"https:\/\/www.obispadorqta.org.ar\/v3\/wp-json\/wp\/v2\/posts\/1949\/revisions\/1952"}],"wp:attachment":[{"href":"https:\/\/www.obispadorqta.org.ar\/v3\/wp-json\/wp\/v2\/media?parent=1949"}],"wp:term":[{"taxonomy":"category","embeddable":true,"href":"https:\/\/www.obispadorqta.org.ar\/v3\/wp-json\/wp\/v2\/categories?post=1949"},{"taxonomy":"post_tag","embeddable":true,"href":"https:\/\/www.obispadorqta.org.ar\/v3\/wp-json\/wp\/v2\/tags?post=1949"}],"curies":[{"name":"wp","href":"https:\/\/api.w.org\/{rel}","templated":true}]}}