{"id":195,"date":"2009-09-02T20:40:28","date_gmt":"2009-09-02T20:40:28","guid":{"rendered":"http:\/\/www.obispadorqta.org.ar\/v3\/duarte-paz-jorge-luis\/"},"modified":"2023-11-07T09:12:46","modified_gmt":"2023-11-07T12:12:46","slug":"duarte-paz-jorge-luis","status":"publish","type":"post","link":"https:\/\/www.obispadorqta.org.ar\/v3\/duarte-paz-jorge-luis\/","title":{"rendered":"DUARTE PAZ, Jorge Luis"},"content":{"rendered":"<p class=\"MsoNormal\" style=\"font-family: Geneva, Arial, Helvetica, sans-serif; font-size: 12px; font-style: normal; line-height: normal;\" align=\"justify\"><span style=\"color: #000000;\"><span style=\"font-family: Verdana, Arial, Helvetica, sans-serif; font-size: 10px; font-style: normal; line-height: normal;\"><u><strong><img loading=\"lazy\" decoding=\"async\" src=\"https:\/\/scontent-gru1-1.xx.fbcdn.net\/hphotos-xpf1\/v\/t1.0-9\/317865_144786402284526_686690444_n.jpg?oh=f224699a95556b6b39e0710cc5dd95b2&amp;oe=561C874A\" width=\"164\" height=\"123\" align=\"left\" border=\"0\" \/><\/strong><\/u><\/span><\/span><\/p>\n<p><u><strong>Datos Personales<\/strong><\/u><br \/>\nNaci\u00f3 el 07 de Abril de 1971 en Margarita (Santa Fe).<\/p>\n<p><u><strong>Estudios realizados y formaci\u00f3n recibida<\/strong><\/u><br \/>\nRecibi\u00f3 el Orden Sagrado en el grado de Presbiterado el 09 de noviembre de 1997.<br \/>\nLicenciado en Derecho Can\u00f3nico por la Universidad Cat\u00f3lica Argentina.<\/p>\n<p><u><strong>Experiencia Pastoral<\/strong><\/u><\/p>\n<p>\u2022 Secretario Canciller de la Curia Diocesana (2007 &#8211; 2008)<br \/>\n\u2022 Miembro del Consejo de Presbiterio (2008 &#8211; 2011)<br \/>\n\u2022 Miembro del Colegio de Consultores (2007)<br \/>\n\u2022 Referente Diocesano del Equipo Mensaje (2006)<br \/>\n\u2022 Vicario Parroquial de la Parroquia \u201cMar\u00eda Madre de Dios\u201d, de Reconquista (2005)<br \/>\n\u2022 Vicario Parroquial de la Parroquia \u00abSan Luis Gonzaga\u00bb de Calchaqu\u00ed (1998)<br \/>\n\u2022 Vicario Parroquial de la Parroquia \u00abSagrado Coraz\u00f3n de Jes\u00fas\u00bb de Villa Guillermina (1997)<br \/>\n\u2022 Director de Estudio del Seminario Interdiocesano \u00abLa Encarnaci\u00f3n\u00bb de Resistencia<br \/>\n\u2022 P\u00e1rroco de la parroquia y Santuario Mariano Diocesano \u00abInmaculada Concepci\u00f3n\u00bb de Reconquista<u><\/u><\/p>\n<p><u><strong>Oficio Pastoral Actual<\/strong><\/u><\/p>\n<p>\u2022 P\u00e1rroco de la parroquia \u00abSan Roque\u00bb de Margarita<br \/>\n\u2022 Vicario Judicial<br \/>\n\u2022 Miembro del Consejo Diocesano de Presbiterio<br \/>\n\u2022 Miembro del Colegio Diocesano de Consultores<br \/>\n\u2022 Profesor de la Unidad Acad\u00e9mica de la Universidad Cat\u00f3lica de Santa Fe, Sede ciudad de Reconquista.<\/p>\n<p><u><strong>Asesor\u00edas<br \/>\n<\/strong><\/u>\u2022 Asesor Jur\u00eddico &#8211; Can\u00f3nico de la Di\u00f3cesis de Reconquista<br \/>\n\u2022 Asesor de la Pastoral Universitaria<\/p>\n","protected":false},"excerpt":{"rendered":"<div class=\"mh-excerpt\"><p>Datos Personales Naci\u00f3 el 07 de Abril de 1971 en Margarita (Santa Fe). Estudios realizados y formaci\u00f3n recibida Recibi\u00f3 el Orden Sagrado en el grado <a class=\"mh-excerpt-more\" href=\"https:\/\/www.obispadorqta.org.ar\/v3\/duarte-paz-jorge-luis\/\" title=\"DUARTE PAZ, Jorge Luis\">[&#8230;]<\/a><\/p>\n<\/div>","protected":false},"author":1,"featured_media":0,"comment_status":"closed","ping_status":"open","sticky":false,"template":"","format":"standard","meta":{"footnotes":""},"categories":[59],"tags":[],"class_list":["post-195","post","type-post","status-publish","format-standard","hentry","category-presbiteros-diocesanos"],"_links":{"self":[{"href":"https:\/\/www.obispadorqta.org.ar\/v3\/wp-json\/wp\/v2\/posts\/195","targetHints":{"allow":["GET"]}}],"collection":[{"href":"https:\/\/www.obispadorqta.org.ar\/v3\/wp-json\/wp\/v2\/posts"}],"about":[{"href":"https:\/\/www.obispadorqta.org.ar\/v3\/wp-json\/wp\/v2\/types\/post"}],"author":[{"embeddable":true,"href":"https:\/\/www.obispadorqta.org.ar\/v3\/wp-json\/wp\/v2\/users\/1"}],"replies":[{"embeddable":true,"href":"https:\/\/www.obispadorqta.org.ar\/v3\/wp-json\/wp\/v2\/comments?post=195"}],"version-history":[{"count":4,"href":"https:\/\/www.obispadorqta.org.ar\/v3\/wp-json\/wp\/v2\/posts\/195\/revisions"}],"predecessor-version":[{"id":9305,"href":"https:\/\/www.obispadorqta.org.ar\/v3\/wp-json\/wp\/v2\/posts\/195\/revisions\/9305"}],"wp:attachment":[{"href":"https:\/\/www.obispadorqta.org.ar\/v3\/wp-json\/wp\/v2\/media?parent=195"}],"wp:term":[{"taxonomy":"category","embeddable":true,"href":"https:\/\/www.obispadorqta.org.ar\/v3\/wp-json\/wp\/v2\/categories?post=195"},{"taxonomy":"post_tag","embeddable":true,"href":"https:\/\/www.obispadorqta.org.ar\/v3\/wp-json\/wp\/v2\/tags?post=195"}],"curies":[{"name":"wp","href":"https:\/\/api.w.org\/{rel}","templated":true}]}}