{"id":1958,"date":"2017-08-24T15:07:37","date_gmt":"2017-08-24T15:07:37","guid":{"rendered":"http:\/\/www.obispadorqta.org.ar\/v3\/?p=1958"},"modified":"2017-08-25T15:02:32","modified_gmt":"2017-08-25T15:02:32","slug":"mision-en-el-paraje-101","status":"publish","type":"post","link":"https:\/\/www.obispadorqta.org.ar\/v3\/mision-en-el-paraje-101\/","title":{"rendered":"MISI\u00d3N EN EL KILOMETRO 101"},"content":{"rendered":"<p style=\"text-align: justify;\"><span style=\"color: #000000;\">Durante esta semana, desde el 20 al 27 de Agosto, se viene desarrollando una misi\u00f3n en el Kil\u00f3metro 101, Parroquia \u00abNtra. Sra. de Itat\u00ed\u00bb de Fort\u00edn Olmos. La misma es llevada a cabo por un grupo de seminaristas del curso introductorio del Seminario Interdiocesano \u00abLa Encarnaci\u00f3n\u00bb, acompa\u00f1ados por su formador, el P. Jorge Pelizardi. Concluir\u00e1 con la Misa y un fog\u00f3n, el s\u00e1bado 26 por la tarde.<\/span><\/p>\n<p style=\"text-align: justify;\"><span style=\"color: #000000;\">Nos unimos en oraci\u00f3n a esta iniciativa misionera y tambi\u00e9n invitamos a rezar por el aumento de la vocaciones sacerdotales y religiosas.<\/span><\/p>\n<p style=\"text-align: justify;\">\u00a0<img loading=\"lazy\" decoding=\"async\" class=\"spotlight aligncenter\" src=\"https:\/\/scontent-eze1-1.xx.fbcdn.net\/v\/t1.0-9\/21032703_1426639240765896_7026805650982880629_n.jpg?oh=79ccdf6a361893c176227c8633d7f7fb&amp;oe=5A2C45C8\" alt=\"La imagen puede contener: 1 persona, sonriendo, de pie y exterior\" width=\"572\" height=\"429\" \/><\/p>\n","protected":false},"excerpt":{"rendered":"<div class=\"mh-excerpt\"><p>Durante esta semana, desde el 20 al 27 de Agosto, se viene desarrollando una misi\u00f3n en el Kil\u00f3metro 101, Parroquia \u00abNtra. Sra. de Itat\u00ed\u00bb de <a class=\"mh-excerpt-more\" href=\"https:\/\/www.obispadorqta.org.ar\/v3\/mision-en-el-paraje-101\/\" title=\"MISI\u00d3N EN EL KILOMETRO 101\">[&#8230;]<\/a><\/p>\n<\/div>","protected":false},"author":3,"featured_media":1967,"comment_status":"closed","ping_status":"open","sticky":false,"template":"","format":"standard","meta":{"footnotes":""},"categories":[28],"tags":[],"class_list":["post-1958","post","type-post","status-publish","format-standard","has-post-thumbnail","hentry","category-latest-news"],"_links":{"self":[{"href":"https:\/\/www.obispadorqta.org.ar\/v3\/wp-json\/wp\/v2\/posts\/1958","targetHints":{"allow":["GET"]}}],"collection":[{"href":"https:\/\/www.obispadorqta.org.ar\/v3\/wp-json\/wp\/v2\/posts"}],"about":[{"href":"https:\/\/www.obispadorqta.org.ar\/v3\/wp-json\/wp\/v2\/types\/post"}],"author":[{"embeddable":true,"href":"https:\/\/www.obispadorqta.org.ar\/v3\/wp-json\/wp\/v2\/users\/3"}],"replies":[{"embeddable":true,"href":"https:\/\/www.obispadorqta.org.ar\/v3\/wp-json\/wp\/v2\/comments?post=1958"}],"version-history":[{"count":7,"href":"https:\/\/www.obispadorqta.org.ar\/v3\/wp-json\/wp\/v2\/posts\/1958\/revisions"}],"predecessor-version":[{"id":1970,"href":"https:\/\/www.obispadorqta.org.ar\/v3\/wp-json\/wp\/v2\/posts\/1958\/revisions\/1970"}],"wp:featuredmedia":[{"embeddable":true,"href":"https:\/\/www.obispadorqta.org.ar\/v3\/wp-json\/wp\/v2\/media\/1967"}],"wp:attachment":[{"href":"https:\/\/www.obispadorqta.org.ar\/v3\/wp-json\/wp\/v2\/media?parent=1958"}],"wp:term":[{"taxonomy":"category","embeddable":true,"href":"https:\/\/www.obispadorqta.org.ar\/v3\/wp-json\/wp\/v2\/categories?post=1958"},{"taxonomy":"post_tag","embeddable":true,"href":"https:\/\/www.obispadorqta.org.ar\/v3\/wp-json\/wp\/v2\/tags?post=1958"}],"curies":[{"name":"wp","href":"https:\/\/api.w.org\/{rel}","templated":true}]}}