{"id":196,"date":"2009-09-02T20:42:09","date_gmt":"2009-09-02T20:42:09","guid":{"rendered":"http:\/\/www.obispadorqta.org.ar\/v3\/delarossa-juan-jose\/"},"modified":"2022-07-15T09:25:11","modified_gmt":"2022-07-15T12:25:11","slug":"delarossa-juan-jose","status":"publish","type":"post","link":"https:\/\/www.obispadorqta.org.ar\/v3\/delarossa-juan-jose\/","title":{"rendered":"DELAROSSA, Juan Jos\u00e9"},"content":{"rendered":"<p><img loading=\"lazy\" decoding=\"async\" class=\"wp-image-6130 alignleft\" src=\"https:\/\/www.obispadorqta.org.ar\/v3\/wp-content\/uploads\/2009\/09\/padre-juan-jose-2.jpg\" alt=\"\" width=\"127\" height=\"162\" srcset=\"https:\/\/www.obispadorqta.org.ar\/v3\/wp-content\/uploads\/2009\/09\/padre-juan-jose-2.jpg 350w, https:\/\/www.obispadorqta.org.ar\/v3\/wp-content\/uploads\/2009\/09\/padre-juan-jose-2-235x300.jpg 235w\" sizes=\"auto, (max-width: 127px) 100vw, 127px\" \/><\/p>\n<p style=\"text-align: justify;\"><strong>Datos personales:<\/strong><br \/>\nNaci\u00f3 el 26 de Junio de 1982 en Moussy, ciudad de Avellaneda.<\/p>\n<p style=\"text-align: justify;\"><strong>Estudios realizados y formaci\u00f3n recibida:<\/strong><br \/>\nRecibi\u00f3 el Sacramento del Orden Sagrado en el grado de Presbiterado el d\u00eda 13 de Junio de 2010 en la Parroquia \u00abNuestra Se\u00f1ora de la Merced\u00bb de Avellaneda.<\/p>\n<p style=\"text-align: justify;\">Licenciado en Teolog\u00eda Fundamental en la Pontificia Universidad Gregoriana.<\/p>\n<p style=\"text-align: justify;\"><strong><u>Experiencia Pastoral:<\/u><\/strong><\/p>\n<p style=\"text-align: justify;\">Vicario Parroquial de la parroquia \u201cInmaculada Concepci\u00f3n\u201d de Reconquista.<\/p>\n<p style=\"text-align: justify;\">P\u00e1rroco \u00abIn solidum\u00bb de la parroquia \u00abNuestra Se\u00f1ora de Itat\u00ed\u00bb de Fort\u00edn Olmos.<\/p>\n<p style=\"text-align: justify;\"><strong>Oficio Pastoral actual:<\/strong><\/p>\n<p style=\"text-align: justify;\">P\u00e1rroco de la parroquia \u00abMar\u00eda Madre de Dios\u00bb de Reconquista.<\/p>\n<p style=\"text-align: justify;\"><strong>Asesor\u00edas:<\/strong><\/p>\n<p style=\"text-align: justify;\">Asesor del Equipo Diocesano de Pastoral de Juventud.<\/p>\n<p>Vice-Rector del Instituto San Jer\u00f3nimo para el Diaconado Permanente.<\/p>\n<p style=\"text-align: justify;\"><strong>Domicilio:<\/strong> Gdor. Freyre 1843, Reconquista.<\/p>\n<p><!-- [if gte mso 9]><xml>  <w:WordDocument>   <w:View>Normal<\/w:View>   <w:Zoom>0<\/w:Zoom>   <w:HyphenationZone>21<\/w:HyphenationZone>   <w:PunctuationKerning\/>   <w:ValidateAgainstSchemas\/>   <w:SaveIfXMLInvalid>false<\/w:SaveIfXMLInvalid>   <w:IgnoreMixedContent>false<\/w:IgnoreMixedContent>   <w:AlwaysShowPlaceholderText>false<\/w:AlwaysShowPlaceholderText>   <w:Compatibility>    <w:BreakWrappedTables\/>    <w:SnapToGridInCell\/>    <w:WrapTextWithPunct\/>    <w:UseAsianBreakRules\/>    <w:DontGrowAutofit\/>   <\/w:Compatibility>   <w:BrowserLevel>MicrosoftInternetExplorer4<\/w:BrowserLevel>  <\/w:WordDocument> <\/xml><![endif]--><!-- [if gte mso 9]><xml>  <w:LatentStyles DefLockedState=\"false\" LatentStyleCount=\"156\">  <\/w:LatentStyles> <\/xml><![endif]--><!-- [if !mso]>\n\n\n<div   classid=\"clsid:38481807-CA0E-42D2-BF39-B33AF135CC4D\" id=ieooui><\/div>\n\n\n\n\n<style> st1\\:*{behavior:url(#ieooui) } <\/style>\n\n\n\n <![endif]--><!-- [if gte mso 10]> \n\n\n\n<style>  \/* Style Definitions *\/  table.MsoNormalTable \t{mso-style-name:\"Tabla normal\"; \tmso-tstyle-rowband-size:0; \tmso-tstyle-colband-size:0; \tmso-style-noshow:yes; \tmso-style-parent:\"\"; \tmso-padding-alt:0cm 5.4pt 0cm 5.4pt; \tmso-para-margin:0cm; \tmso-para-margin-bottom:.0001pt; \tmso-pagination:widow-orphan; \tfont-size:10.0pt; \tfont-family:\"Times New Roman\"; \tmso-ansi-language:#0400; \tmso-fareast-language:#0400; \tmso-bidi-language:#0400;} <\/style>\n\n\n\n <![endif]--><\/p>\n","protected":false},"excerpt":{"rendered":"<div class=\"mh-excerpt\"><p>Datos personales: Naci\u00f3 el 26 de Junio de 1982 en Moussy, ciudad de Avellaneda. Estudios realizados y formaci\u00f3n recibida: Recibi\u00f3 el Sacramento del Orden Sagrado <a class=\"mh-excerpt-more\" href=\"https:\/\/www.obispadorqta.org.ar\/v3\/delarossa-juan-jose\/\" title=\"DELAROSSA, Juan Jos\u00e9\">[&#8230;]<\/a><\/p>\n<\/div>","protected":false},"author":1,"featured_media":0,"comment_status":"closed","ping_status":"open","sticky":false,"template":"","format":"standard","meta":{"footnotes":""},"categories":[59],"tags":[],"class_list":["post-196","post","type-post","status-publish","format-standard","hentry","category-presbiteros-diocesanos"],"_links":{"self":[{"href":"https:\/\/www.obispadorqta.org.ar\/v3\/wp-json\/wp\/v2\/posts\/196","targetHints":{"allow":["GET"]}}],"collection":[{"href":"https:\/\/www.obispadorqta.org.ar\/v3\/wp-json\/wp\/v2\/posts"}],"about":[{"href":"https:\/\/www.obispadorqta.org.ar\/v3\/wp-json\/wp\/v2\/types\/post"}],"author":[{"embeddable":true,"href":"https:\/\/www.obispadorqta.org.ar\/v3\/wp-json\/wp\/v2\/users\/1"}],"replies":[{"embeddable":true,"href":"https:\/\/www.obispadorqta.org.ar\/v3\/wp-json\/wp\/v2\/comments?post=196"}],"version-history":[{"count":4,"href":"https:\/\/www.obispadorqta.org.ar\/v3\/wp-json\/wp\/v2\/posts\/196\/revisions"}],"predecessor-version":[{"id":7771,"href":"https:\/\/www.obispadorqta.org.ar\/v3\/wp-json\/wp\/v2\/posts\/196\/revisions\/7771"}],"wp:attachment":[{"href":"https:\/\/www.obispadorqta.org.ar\/v3\/wp-json\/wp\/v2\/media?parent=196"}],"wp:term":[{"taxonomy":"category","embeddable":true,"href":"https:\/\/www.obispadorqta.org.ar\/v3\/wp-json\/wp\/v2\/categories?post=196"},{"taxonomy":"post_tag","embeddable":true,"href":"https:\/\/www.obispadorqta.org.ar\/v3\/wp-json\/wp\/v2\/tags?post=196"}],"curies":[{"name":"wp","href":"https:\/\/api.w.org\/{rel}","templated":true}]}}