{"id":197,"date":"2009-09-02T20:43:45","date_gmt":"2009-09-02T20:43:45","guid":{"rendered":"http:\/\/www.obispadorqta.org.ar\/v3\/digiusti-carlos-alberto\/"},"modified":"2025-10-30T09:11:28","modified_gmt":"2025-10-30T12:11:28","slug":"digiusti-carlos-alberto","status":"publish","type":"post","link":"https:\/\/www.obispadorqta.org.ar\/v3\/digiusti-carlos-alberto\/","title":{"rendered":"DEGIUSTI, Carlos Alberto"},"content":{"rendered":"<p style=\"font-family: Verdana, Arial, Helvetica, sans-serif; font-size: 10px; font-style: normal; line-height: normal;\" align=\"justify\"><strong><u> <span style=\"font-family: Verdana, Arial, Helvetica, sans-serif; font-size: 10px; font-style: normal; line-height: normal; color: #000000;\">Datos personales<\/span><\/u><span style=\"color: #000000;\"><br \/>\n<\/span><\/strong><span style=\"color: #000000;\">Naci\u00f3 el 28 de Diciembre de 1953 en Reconquista (Santa Fe).<\/span><\/p>\n<div align=\"justify\"><span style=\"font-family: Verdana, Arial, Helvetica, sans-serif; font-size: 10px; font-style: normal; line-height: normal; color: #000000;\"><u><strong style=\"font-family: Verdana, Arial, Helvetica, sans-serif; font-size: 10px; font-style: normal; line-height: normal;\">Estudios realizados y formaci\u00f3n recibida<\/strong><\/u><br \/>\n<\/span><span style=\"font-family: Verdana, Arial, Helvetica, sans-serif; font-size: 10px; font-style: normal; line-height: normal; color: #000000;\"><span style=\"font-family: Verdana, Arial, Helvetica, sans-serif; font-size: 10px; font-style: normal; line-height: normal;\">\u2022 <\/span>Recibi\u00f3 el Sacramento del Orden Sagrado en el grado de Presbiterado el 08 de Mayo de 1983.<br \/>\n<\/span><span style=\"font-family: Verdana, Arial, Helvetica, sans-serif; font-size: 10px; font-style: normal; line-height: normal; color: #000000;\"><span style=\"font-family: Verdana, Arial, Helvetica, sans-serif; font-size: 10px; font-style: normal; line-height: normal;\">\u2022 <\/span>Estudios de Filosof\u00eda en el Seminario San Jos\u00e9 de La Plata<br \/>\n<\/span><span style=\"font-family: Verdana, Arial, Helvetica, sans-serif; font-size: 10px; font-style: normal; line-height: normal; color: #000000;\"><span style=\"font-family: Verdana, Arial, Helvetica, sans-serif; font-size: 10px; font-style: normal; line-height: normal;\">\u2022 <\/span>Estudios de Teolog\u00eda en la Facultad de Teolog\u00eda de la UCA &#8211; Buenos Aires &#8211; Bachiller en Teolog\u00eda<\/span><\/div>\n<div align=\"justify\"><span style=\"color: #000000;\">\u00a0<\/span><\/div>\n<div align=\"justify\"><span style=\"font-family: Verdana, Arial, Helvetica, sans-serif; font-size: 10px; font-style: normal; line-height: normal; color: #000000;\"><u><strong style=\"font-family: Verdana, Arial, Helvetica, sans-serif; font-size: 10px; font-style: normal; line-height: normal;\">Experiencia Pastoral<\/strong><\/u><\/span><br \/>\n<span style=\"font-family: Verdana, Arial, Helvetica, sans-serif; font-size: 10px; font-style: normal; line-height: normal; color: #000000;\"><span style=\"font-family: Verdana, Arial, Helvetica, sans-serif; font-size: 10px; font-style: normal; line-height: normal;\">\u2022 <\/span>Canciller y Secretario General del Obispado de Reconquista (1983-1994)<\/span><br \/>\n<span style=\"font-family: Verdana, Arial, Helvetica, sans-serif; font-size: 10px; font-style: normal; line-height: normal; color: #000000;\"><span style=\"font-family: Verdana, Arial, Helvetica, sans-serif; font-size: 10px; font-style: normal; line-height: normal;\">\u2022 <\/span>Vicario Parroquial de la Iglesia Catedral de Reconquista (1983-1994)<\/span><br \/>\n<span style=\"font-family: Verdana, Arial, Helvetica, sans-serif; font-size: 10px; font-style: normal; line-height: normal; color: #000000;\"><span style=\"font-family: Verdana, Arial, Helvetica, sans-serif; font-size: 10px; font-style: normal; line-height: normal;\">\u2022 <\/span>Ec\u00f3nomo Diocesano (1985-1994)<\/span><br \/>\n<span style=\"font-family: Verdana, Arial, Helvetica, sans-serif; font-size: 10px; font-style: normal; line-height: normal; color: #000000;\"><span style=\"font-family: Verdana, Arial, Helvetica, sans-serif; font-size: 10px; font-style: normal; line-height: normal;\">\u2022 <\/span>Miembro del Consejo de Presbiterio (1985-1994) (2010 &#8211; 2017)<\/span><br \/>\n<span style=\"font-family: Verdana, Arial, Helvetica, sans-serif; font-size: 10px; font-style: normal; line-height: normal; color: #000000;\"><span style=\"font-family: Verdana, Arial, Helvetica, sans-serif; font-size: 10px; font-style: normal; line-height: normal;\">\u2022 <\/span>Asesor Diocesano de Pastoral Familiar (1983-1986)<\/span><br \/>\n<span style=\"font-family: Verdana, Arial, Helvetica, sans-serif; font-size: 10px; font-style: normal; line-height: normal; color: #000000;\"><span style=\"font-family: Verdana, Arial, Helvetica, sans-serif; font-size: 10px; font-style: normal; line-height: normal;\">\u2022 <\/span>Asesor Diocesano de Pastoral de Juventud (1986-1994)<\/span><br \/>\n<span style=\"font-family: Verdana, Arial, Helvetica, sans-serif; font-size: 10px; font-style: normal; line-height: normal; color: #000000;\"><span style=\"font-family: Verdana, Arial, Helvetica, sans-serif; font-size: 10px; font-style: normal; line-height: normal;\">\u2022 <\/span>Asesor del Movimiento Diocesano \u201cMensaje\u201d (1985-1994)<\/span><br \/>\n<span style=\"font-family: Verdana, Arial, Helvetica, sans-serif; font-size: 10px; font-style: normal; line-height: normal; color: #000000;\"><span style=\"font-family: Verdana, Arial, Helvetica, sans-serif; font-size: 10px; font-style: normal; line-height: normal;\">\u2022 <\/span>Director y Profesor del Instituto Teol\u00f3gico Pastoral para formaci\u00f3n de agentes pastorales (1985-1993)<\/span><br \/>\n<span style=\"font-family: Verdana, Arial, Helvetica, sans-serif; font-size: 10px; font-style: normal; line-height: normal; color: #000000;\"><span style=\"font-family: Verdana, Arial, Helvetica, sans-serif; font-size: 10px; font-style: normal; line-height: normal;\">\u2022 <\/span>Miembro del Equipo Regional NEA para la Formaci\u00f3n Permanente del Clero (1989-2005)<\/span><br \/>\n<span style=\"font-family: Verdana, Arial, Helvetica, sans-serif; font-size: 10px; font-style: normal; line-height: normal; color: #000000;\"><span style=\"font-family: Verdana, Arial, Helvetica, sans-serif; font-size: 10px; font-style: normal; line-height: normal;\">\u2022 <\/span>Rector del Seminario Interdiocesano del NEA \u201cLa Encarnaci\u00f3n\u201d(Resistencia) (1994-2006)<\/span><br \/>\n<span style=\"font-family: Verdana, Arial, Helvetica, sans-serif; font-size: 10px; font-style: normal; line-height: normal; color: #000000;\"><span style=\"font-family: Verdana, Arial, Helvetica, sans-serif; font-size: 10px; font-style: normal; line-height: normal;\">\u2022 <\/span>Miembro del Consejo Presbiteral de la Arquidi\u00f3cesis de Resistencia (1994-2006)<\/span><br \/>\n<span style=\"font-family: Verdana, Arial, Helvetica, sans-serif; font-size: 10px; font-style: normal; line-height: normal; color: #000000;\"><span style=\"font-family: Verdana, Arial, Helvetica, sans-serif; font-size: 10px; font-style: normal; line-height: normal;\">\u2022 <\/span>Miembro del Colegio de Consultores de la Arquidi\u00f3cesis de Resistencia<\/span><br \/>\n<span style=\"font-family: Verdana, Arial, Helvetica, sans-serif; font-size: 10px; font-style: normal; line-height: normal; color: #000000;\"><span style=\"font-family: Verdana, Arial, Helvetica, sans-serif; font-size: 10px; font-style: normal; line-height: normal;\">\u2022 <\/span>Vicario Parroquial de \u201cSanta Rosa de Lima\u201d de Resistencia (1996-1997)<\/span><br \/>\n<span style=\"font-family: Verdana, Arial, Helvetica, sans-serif; font-size: 10px; font-style: normal; line-height: normal; color: #000000;\"><span style=\"font-family: Verdana, Arial, Helvetica, sans-serif; font-size: 10px; font-style: normal; line-height: normal;\">\u2022 <\/span>Director Espiritual de la Escuela Arquidiocesana de Diaconado Permanente de Resistencia (2001-2005)<\/span><br \/>\n<span style=\"font-family: Verdana, Arial, Helvetica, sans-serif; font-size: 10px; font-style: normal; line-height: normal; color: #000000;\"><span style=\"font-family: Verdana, Arial, Helvetica, sans-serif; font-size: 10px; font-style: normal; line-height: normal;\">\u2022 <\/span>Rector de la Escuela Arquidiocesana de Diaconado Permanente de Resistencia (2005-2006)<\/span><br \/>\n<span style=\"font-family: Verdana, Arial, Helvetica, sans-serif; font-size: 10px; font-style: normal; line-height: normal; color: #000000;\"><span style=\"font-family: Verdana, Arial, Helvetica, sans-serif; font-size: 10px; font-style: normal; line-height: normal;\">\u2022 <\/span>Vicepresidente de la Organizaci\u00f3n de Seminarios de Argentina \u2013OSAR- (2003-2006)<\/span><br \/>\n<span style=\"font-family: Verdana, Arial, Helvetica, sans-serif; font-size: 10px; font-style: normal; line-height: normal; color: #000000;\"><span style=\"font-family: Verdana, Arial, Helvetica, sans-serif; font-size: 10px; font-style: normal; line-height: normal;\">\u2022 <\/span>Vicepresidente de la Organizaci\u00f3n de Seminarios de Latinoam\u00e9rica \u2013OSLAM- (1997-2000)<\/span><br \/>\n<span style=\"font-family: Verdana, Arial, Helvetica, sans-serif; font-size: 10px; font-style: normal; line-height: normal; color: #000000;\"><span style=\"font-family: Verdana, Arial, Helvetica, sans-serif; font-size: 10px; font-style: normal; line-height: normal;\">\u2022 <\/span>Presidente de la Organizaci\u00f3n de Seminarios de Latinoam\u00e9rica \u2013OSLAM- (Abril-Noviembre 2000)<\/span><br \/>\n<span style=\"font-family: Verdana, Arial, Helvetica, sans-serif; font-size: 10px; font-style: normal; line-height: normal; color: #000000;\"><span style=\"font-family: Verdana, Arial, Helvetica, sans-serif; font-size: 10px; font-style: normal; line-height: normal;\">\u2022 <\/span>P\u00e1rroco de la Iglesia Catedral \u00abInmaculada Concepci\u00f3n\u00bb de Reconquista (2006\u20132009)\u00a0<\/span><\/div>\n<div align=\"justify\"><span style=\"font-family: Verdana, Arial, Helvetica, sans-serif; font-size: 10px; font-style: normal; line-height: normal; color: #000000;\">\u2022 P\u00e1rroco de la Parroquia \u00abNuestra Se\u00f1ora del Huerto\u00bb de Malabrigo (2009 &#8211; 2016)<\/span><\/div>\n<div align=\"justify\"><span style=\"color: #000000; font-family: Verdana, Arial, Helvetica, sans-serif; font-size: 10px; line-height: normal;\">\u2022 Ec\u00f3nomo de la Curia Diocesana<\/span><\/div>\n<div align=\"justify\"><\/div>\n<div align=\"justify\"><span style=\"color: #000000;\">\u00a0<\/span><\/div>\n<div align=\"justify\"><span style=\"color: #000000;\"><u><strong style=\"font-family: Verdana, Arial, Helvetica, sans-serif; font-size: 10px; font-style: normal; line-height: normal;\">Oficio Pastoral actual<\/strong><\/u><\/span><\/div>\n<div align=\"justify\"><span style=\"font-family: Verdana, Arial, Helvetica, sans-serif; font-size: 10px; font-style: normal; line-height: normal; color: #000000;\"><span style=\"font-family: Verdana, Arial, Helvetica, sans-serif; font-size: 10px; font-style: normal; line-height: normal;\">\u2022 <\/span>P\u00c1RROCO DE LA PARROQUIA \u00abSAN JUAN BAUTISTA\u00bb DE VERA.<\/span><\/div>\n<div align=\"justify\"><span style=\"font-family: Verdana, Arial, Helvetica, sans-serif; font-size: 10px; font-style: normal; line-height: normal; color: #000000;\"><span style=\"font-family: Verdana, Arial, Helvetica, sans-serif; font-size: 10px; font-style: normal; line-height: normal;\">\u2022 <\/span>Profesor del Seminario Interdiocesano \u201cLa Encarnaci\u00f3n\u201d de Resistencia desde 1988<\/span><\/div>\n<div align=\"justify\"><span style=\"font-family: Verdana, Arial, Helvetica, sans-serif; font-size: 10px; font-style: normal; line-height: normal; color: #000000;\"><span style=\"font-family: Verdana, Arial, Helvetica, sans-serif; font-size: 10px; font-style: normal; line-height: normal;\">\u2022 <\/span>Miembro del Consejo de Redacci\u00f3n de la Revista \u201cPastores\u201d desde 1994<\/span><\/div>\n<div align=\"justify\"><span style=\"font-family: Verdana, Arial, Helvetica, sans-serif; font-size: 10px; font-style: normal; line-height: normal; color: #000000;\"><span style=\"font-family: Verdana, Arial, Helvetica, sans-serif; font-size: 10px; font-style: normal; line-height: normal;\">\u2022 <\/span>D<\/span><span style=\"font-family: Verdana, Arial, Helvetica, sans-serif; font-size: 10px; font-style: normal; line-height: normal; color: #000000;\">irector del Instituto Diocesano para la Formaci\u00f3n del Diaconado Permanente<\/span><\/div>\n<div align=\"justify\"><\/div>\n<p style=\"font-family: Geneva, Arial, Helvetica, sans-serif; font-size: 12px; font-style: normal; line-height: normal;\" align=\"justify\"><span style=\"font-family: Verdana, Arial, Helvetica, sans-serif; font-size: 10px; font-style: normal; line-height: normal; color: #000000;\"><strong style=\"font-family: Verdana, Arial, Helvetica, sans-serif; font-size: 10px; font-style: normal; line-height: normal;\"><u>Asesor\u00eda<\/u>:<\/strong><\/span><\/p>\n<p><strong><u>Domicilio:<\/u><\/strong>\u00a0Moreno 1885 \u00a0&#8211; C.P. 3550 &#8211; Parroquia de Vera &#8211; Santa Fe.<br \/>\nTel.: 03483 &#8211; 421080<br \/>\nE-mail: pquiasanjuan@gmail.com<\/p>\n","protected":false},"excerpt":{"rendered":"<div class=\"mh-excerpt\"><p>Datos personales Naci\u00f3 el 28 de Diciembre de 1953 en Reconquista (Santa Fe). Estudios realizados y formaci\u00f3n recibida \u2022 Recibi\u00f3 el Sacramento del Orden Sagrado <a class=\"mh-excerpt-more\" href=\"https:\/\/www.obispadorqta.org.ar\/v3\/digiusti-carlos-alberto\/\" title=\"DEGIUSTI, Carlos Alberto\">[&#8230;]<\/a><\/p>\n<\/div>","protected":false},"author":1,"featured_media":11118,"comment_status":"closed","ping_status":"open","sticky":false,"template":"","format":"standard","meta":{"footnotes":""},"categories":[59],"tags":[],"class_list":["post-197","post","type-post","status-publish","format-standard","has-post-thumbnail","hentry","category-presbiteros-diocesanos"],"_links":{"self":[{"href":"https:\/\/www.obispadorqta.org.ar\/v3\/wp-json\/wp\/v2\/posts\/197","targetHints":{"allow":["GET"]}}],"collection":[{"href":"https:\/\/www.obispadorqta.org.ar\/v3\/wp-json\/wp\/v2\/posts"}],"about":[{"href":"https:\/\/www.obispadorqta.org.ar\/v3\/wp-json\/wp\/v2\/types\/post"}],"author":[{"embeddable":true,"href":"https:\/\/www.obispadorqta.org.ar\/v3\/wp-json\/wp\/v2\/users\/1"}],"replies":[{"embeddable":true,"href":"https:\/\/www.obispadorqta.org.ar\/v3\/wp-json\/wp\/v2\/comments?post=197"}],"version-history":[{"count":5,"href":"https:\/\/www.obispadorqta.org.ar\/v3\/wp-json\/wp\/v2\/posts\/197\/revisions"}],"predecessor-version":[{"id":11617,"href":"https:\/\/www.obispadorqta.org.ar\/v3\/wp-json\/wp\/v2\/posts\/197\/revisions\/11617"}],"wp:featuredmedia":[{"embeddable":true,"href":"https:\/\/www.obispadorqta.org.ar\/v3\/wp-json\/wp\/v2\/media\/11118"}],"wp:attachment":[{"href":"https:\/\/www.obispadorqta.org.ar\/v3\/wp-json\/wp\/v2\/media?parent=197"}],"wp:term":[{"taxonomy":"category","embeddable":true,"href":"https:\/\/www.obispadorqta.org.ar\/v3\/wp-json\/wp\/v2\/categories?post=197"},{"taxonomy":"post_tag","embeddable":true,"href":"https:\/\/www.obispadorqta.org.ar\/v3\/wp-json\/wp\/v2\/tags?post=197"}],"curies":[{"name":"wp","href":"https:\/\/api.w.org\/{rel}","templated":true}]}}