{"id":1977,"date":"2017-08-29T11:25:43","date_gmt":"2017-08-29T11:25:43","guid":{"rendered":"http:\/\/www.obispadorqta.org.ar\/v3\/?p=1977"},"modified":"2017-08-29T12:14:02","modified_gmt":"2017-08-29T12:14:02","slug":"50-anos-del-movimiento-mallinista","status":"publish","type":"post","link":"https:\/\/www.obispadorqta.org.ar\/v3\/50-anos-del-movimiento-mallinista\/","title":{"rendered":"50 a\u00f1os del Movimiento Mallinista"},"content":{"rendered":"<p style=\"text-align: justify;\"><span style=\"color: #000000;\">Misa en acci\u00f3n de gracias por los<strong> 50 a\u00f1os del Movimiento Mallinista.<\/strong> El domingo 3 de septiembre a las 10:00 hs. en la Parroquia Mar\u00eda Madre de Dios de Reconquista. <\/span><\/p>\n<p style=\"text-align: justify;\"><span style=\"color: #000000;\">Se invita a todos los que formaron parte de este Movimieto, para compartir esta experiencia donde nos reencontraremos todos los Mallinistas de la Di\u00f3cesis.<\/span><\/p>\n<p style=\"text-align: justify;\">\n","protected":false},"excerpt":{"rendered":"<div class=\"mh-excerpt\"><p>Misa en acci\u00f3n de gracias por los 50 a\u00f1os del Movimiento Mallinista. El domingo 3 de septiembre a las 10:00 hs. en la Parroquia Mar\u00eda <a class=\"mh-excerpt-more\" href=\"https:\/\/www.obispadorqta.org.ar\/v3\/50-anos-del-movimiento-mallinista\/\" title=\"50 a\u00f1os del Movimiento Mallinista\">[&#8230;]<\/a><\/p>\n<\/div>","protected":false},"author":3,"featured_media":1981,"comment_status":"open","ping_status":"open","sticky":false,"template":"","format":"standard","meta":{"footnotes":""},"categories":[1],"tags":[],"class_list":["post-1977","post","type-post","status-publish","format-standard","has-post-thumbnail","hentry","category-sin-categoria"],"_links":{"self":[{"href":"https:\/\/www.obispadorqta.org.ar\/v3\/wp-json\/wp\/v2\/posts\/1977","targetHints":{"allow":["GET"]}}],"collection":[{"href":"https:\/\/www.obispadorqta.org.ar\/v3\/wp-json\/wp\/v2\/posts"}],"about":[{"href":"https:\/\/www.obispadorqta.org.ar\/v3\/wp-json\/wp\/v2\/types\/post"}],"author":[{"embeddable":true,"href":"https:\/\/www.obispadorqta.org.ar\/v3\/wp-json\/wp\/v2\/users\/3"}],"replies":[{"embeddable":true,"href":"https:\/\/www.obispadorqta.org.ar\/v3\/wp-json\/wp\/v2\/comments?post=1977"}],"version-history":[{"count":5,"href":"https:\/\/www.obispadorqta.org.ar\/v3\/wp-json\/wp\/v2\/posts\/1977\/revisions"}],"predecessor-version":[{"id":1989,"href":"https:\/\/www.obispadorqta.org.ar\/v3\/wp-json\/wp\/v2\/posts\/1977\/revisions\/1989"}],"wp:featuredmedia":[{"embeddable":true,"href":"https:\/\/www.obispadorqta.org.ar\/v3\/wp-json\/wp\/v2\/media\/1981"}],"wp:attachment":[{"href":"https:\/\/www.obispadorqta.org.ar\/v3\/wp-json\/wp\/v2\/media?parent=1977"}],"wp:term":[{"taxonomy":"category","embeddable":true,"href":"https:\/\/www.obispadorqta.org.ar\/v3\/wp-json\/wp\/v2\/categories?post=1977"},{"taxonomy":"post_tag","embeddable":true,"href":"https:\/\/www.obispadorqta.org.ar\/v3\/wp-json\/wp\/v2\/tags?post=1977"}],"curies":[{"name":"wp","href":"https:\/\/api.w.org\/{rel}","templated":true}]}}