{"id":1988,"date":"2015-08-29T12:39:17","date_gmt":"2015-08-29T12:39:17","guid":{"rendered":"http:\/\/www.obispadorqta.org.ar\/v3\/?p=1988"},"modified":"2023-11-07T08:20:23","modified_gmt":"2023-11-07T11:20:23","slug":"molina-luciano-sebastian","status":"publish","type":"post","link":"https:\/\/www.obispadorqta.org.ar\/v3\/molina-luciano-sebastian\/","title":{"rendered":"Molina, Luciano Sebasti\u00e1n"},"content":{"rendered":"<p><span style=\"color: #000000;\"><u><strong><br \/>\nDatos personales:<\/strong><\/u><\/span><\/p>\n<p><span style=\"color: #000000;\">Naci\u00f3 el 18 de febrero de 1987 en Reconquista, Provincia de Santa Fe.<\/span><\/p>\n<p><span style=\"color: #000000;\"><u><strong>Estudios realizados y formaci\u00f3n recibida:<\/strong><\/u><\/span><\/p>\n<p><span style=\"color: #000000;\">Recibi\u00f3 el Sacramento del Orden Sagrado en el grado de Presbiterado el 27 de diciembre de 2015.<\/span><\/p>\n<p><span style=\"color: #000000;\"><strong><u>Experiencia Pastoral:<\/u><\/strong><\/span><\/p>\n<p>\u2022 Vicario Parroquial de la parroquia \u201cMar\u00eda Madre de Dios\u201d de Reconquista.<\/p>\n<p>\u2022 Vicario Parroquial de la parroquia \u00abSan Juan Bautista\u00bb de Vera.<\/p>\n<p>\u2022 P\u00e1rroco de la Parroquia \u00abNuestra Se\u00f1ora de Itat\u00ed\u00bb de Fort\u00edn Olmos.<\/p>\n<p><span style=\"color: #000000;\"><u><strong>Oficio Pastoral Actual:<\/strong><\/u><\/span><\/p>\n<p>\u2022 P\u00e1rroco de la Parroquia \u00abNuestra Se\u00f1ora del Huerto\u00bb de Malabrigo.<\/p>\n<p><span style=\"color: #000000;\"><u><strong>Asesor\u00edas:<\/strong><\/u><\/span><\/p>\n<p><span style=\"color: #000000;\">\u2022 Asesor Diocesano de Pastoral Carcelaria.<\/span><\/p>\n<p><span style=\"color: #000000;\">\u2022 <\/span>Asesor Pastoral Vocacional<\/p>\n<p><span style=\"color: #000000;\">\u2022 <\/span>Asesor de la RCC diocesana<\/p>\n","protected":false},"excerpt":{"rendered":"<div class=\"mh-excerpt\"><p>Datos personales: Naci\u00f3 el 18 de febrero de 1987 en Reconquista, Provincia de Santa Fe. Estudios realizados y formaci\u00f3n recibida: Recibi\u00f3 el Sacramento del Orden <a class=\"mh-excerpt-more\" href=\"https:\/\/www.obispadorqta.org.ar\/v3\/molina-luciano-sebastian\/\" title=\"Molina, Luciano Sebasti\u00e1n\">[&#8230;]<\/a><\/p>\n<\/div>","protected":false},"author":2,"featured_media":3540,"comment_status":"closed","ping_status":"open","sticky":false,"template":"","format":"standard","meta":{"footnotes":""},"categories":[59],"tags":[],"class_list":["post-1988","post","type-post","status-publish","format-standard","has-post-thumbnail","hentry","category-presbiteros-diocesanos"],"_links":{"self":[{"href":"https:\/\/www.obispadorqta.org.ar\/v3\/wp-json\/wp\/v2\/posts\/1988","targetHints":{"allow":["GET"]}}],"collection":[{"href":"https:\/\/www.obispadorqta.org.ar\/v3\/wp-json\/wp\/v2\/posts"}],"about":[{"href":"https:\/\/www.obispadorqta.org.ar\/v3\/wp-json\/wp\/v2\/types\/post"}],"author":[{"embeddable":true,"href":"https:\/\/www.obispadorqta.org.ar\/v3\/wp-json\/wp\/v2\/users\/2"}],"replies":[{"embeddable":true,"href":"https:\/\/www.obispadorqta.org.ar\/v3\/wp-json\/wp\/v2\/comments?post=1988"}],"version-history":[{"count":6,"href":"https:\/\/www.obispadorqta.org.ar\/v3\/wp-json\/wp\/v2\/posts\/1988\/revisions"}],"predecessor-version":[{"id":9297,"href":"https:\/\/www.obispadorqta.org.ar\/v3\/wp-json\/wp\/v2\/posts\/1988\/revisions\/9297"}],"wp:featuredmedia":[{"embeddable":true,"href":"https:\/\/www.obispadorqta.org.ar\/v3\/wp-json\/wp\/v2\/media\/3540"}],"wp:attachment":[{"href":"https:\/\/www.obispadorqta.org.ar\/v3\/wp-json\/wp\/v2\/media?parent=1988"}],"wp:term":[{"taxonomy":"category","embeddable":true,"href":"https:\/\/www.obispadorqta.org.ar\/v3\/wp-json\/wp\/v2\/categories?post=1988"},{"taxonomy":"post_tag","embeddable":true,"href":"https:\/\/www.obispadorqta.org.ar\/v3\/wp-json\/wp\/v2\/tags?post=1988"}],"curies":[{"name":"wp","href":"https:\/\/api.w.org\/{rel}","templated":true}]}}