{"id":205,"date":"2009-09-05T15:00:17","date_gmt":"2009-09-05T15:00:17","guid":{"rendered":"http:\/\/www.obispadorqta.org.ar\/v3\/mensaje-mons-dus\/"},"modified":"2009-09-05T15:00:17","modified_gmt":"2009-09-05T15:00:17","slug":"mensaje-mons-dus","status":"publish","type":"post","link":"https:\/\/www.obispadorqta.org.ar\/v3\/mensaje-mons-dus\/","title":{"rendered":"Mensaje en audio Mons Dus"},"content":{"rendered":"<p>Mensaje en audio del mes de Septiembre de nuestro Se\u00f1or Obispo Monse\u00f1or Dus {mp3}mensaje_monse\u00f1or_dus-setiembre_semana_1(2){\/mp3}<\/p>\n","protected":false},"excerpt":{"rendered":"<div class=\"mh-excerpt\"><p>Mensaje en audio del mes de Septiembre de nuestro Se\u00f1or Obispo Monse\u00f1or Dus {mp3}mensaje_monse\u00f1or_dus-setiembre_semana_1(2){\/mp3}<\/p>\n<\/div>","protected":false},"author":1,"featured_media":0,"comment_status":"open","ping_status":"open","sticky":false,"template":"","format":"standard","meta":{"footnotes":""},"categories":[28],"tags":[],"class_list":["post-205","post","type-post","status-publish","format-standard","hentry","category-latest-news"],"_links":{"self":[{"href":"https:\/\/www.obispadorqta.org.ar\/v3\/wp-json\/wp\/v2\/posts\/205","targetHints":{"allow":["GET"]}}],"collection":[{"href":"https:\/\/www.obispadorqta.org.ar\/v3\/wp-json\/wp\/v2\/posts"}],"about":[{"href":"https:\/\/www.obispadorqta.org.ar\/v3\/wp-json\/wp\/v2\/types\/post"}],"author":[{"embeddable":true,"href":"https:\/\/www.obispadorqta.org.ar\/v3\/wp-json\/wp\/v2\/users\/1"}],"replies":[{"embeddable":true,"href":"https:\/\/www.obispadorqta.org.ar\/v3\/wp-json\/wp\/v2\/comments?post=205"}],"version-history":[{"count":0,"href":"https:\/\/www.obispadorqta.org.ar\/v3\/wp-json\/wp\/v2\/posts\/205\/revisions"}],"wp:attachment":[{"href":"https:\/\/www.obispadorqta.org.ar\/v3\/wp-json\/wp\/v2\/media?parent=205"}],"wp:term":[{"taxonomy":"category","embeddable":true,"href":"https:\/\/www.obispadorqta.org.ar\/v3\/wp-json\/wp\/v2\/categories?post=205"},{"taxonomy":"post_tag","embeddable":true,"href":"https:\/\/www.obispadorqta.org.ar\/v3\/wp-json\/wp\/v2\/tags?post=205"}],"curies":[{"name":"wp","href":"https:\/\/api.w.org\/{rel}","templated":true}]}}