{"id":207,"date":"2009-09-12T13:33:48","date_gmt":"2009-09-12T13:33:48","guid":{"rendered":"http:\/\/www.obispadorqta.org.ar\/v3\/mensaje-en-audio-mons-dus\/"},"modified":"2009-09-12T13:33:48","modified_gmt":"2009-09-12T13:33:48","slug":"mensaje-en-audio-mons-dus","status":"publish","type":"post","link":"https:\/\/www.obispadorqta.org.ar\/v3\/mensaje-en-audio-mons-dus\/","title":{"rendered":"Mensaje en audio Mons. Dus"},"content":{"rendered":"<p>Le dejamos a continuaci\u00f3n la segunda entrega de los audios preparados por nuestro querido Obispo Monse\u00f1or Ram\u00f3n Dus.  {mp3}mensaje_monse\u00f1or_dus-setiembre_semana_2{\/mp3}  En el a\u00f1o dedicado a los sacerdotes, rogamos por sus oraciones por santas y escogidas vocaciones para nuestra di\u00f3cesis.<\/p>\n","protected":false},"excerpt":{"rendered":"<div class=\"mh-excerpt\"><p>Le dejamos a continuaci\u00f3n la segunda entrega de los audios preparados por nuestro querido Obispo Monse\u00f1or Ram\u00f3n Dus. {mp3}mensaje_monse\u00f1or_dus-setiembre_semana_2{\/mp3} En el a\u00f1o dedicado a los <a class=\"mh-excerpt-more\" href=\"https:\/\/www.obispadorqta.org.ar\/v3\/mensaje-en-audio-mons-dus\/\" title=\"Mensaje en audio Mons. Dus\">[&#8230;]<\/a><\/p>\n<\/div>","protected":false},"author":1,"featured_media":0,"comment_status":"open","ping_status":"open","sticky":false,"template":"","format":"standard","meta":{"footnotes":""},"categories":[28],"tags":[],"class_list":["post-207","post","type-post","status-publish","format-standard","hentry","category-latest-news"],"_links":{"self":[{"href":"https:\/\/www.obispadorqta.org.ar\/v3\/wp-json\/wp\/v2\/posts\/207","targetHints":{"allow":["GET"]}}],"collection":[{"href":"https:\/\/www.obispadorqta.org.ar\/v3\/wp-json\/wp\/v2\/posts"}],"about":[{"href":"https:\/\/www.obispadorqta.org.ar\/v3\/wp-json\/wp\/v2\/types\/post"}],"author":[{"embeddable":true,"href":"https:\/\/www.obispadorqta.org.ar\/v3\/wp-json\/wp\/v2\/users\/1"}],"replies":[{"embeddable":true,"href":"https:\/\/www.obispadorqta.org.ar\/v3\/wp-json\/wp\/v2\/comments?post=207"}],"version-history":[{"count":0,"href":"https:\/\/www.obispadorqta.org.ar\/v3\/wp-json\/wp\/v2\/posts\/207\/revisions"}],"wp:attachment":[{"href":"https:\/\/www.obispadorqta.org.ar\/v3\/wp-json\/wp\/v2\/media?parent=207"}],"wp:term":[{"taxonomy":"category","embeddable":true,"href":"https:\/\/www.obispadorqta.org.ar\/v3\/wp-json\/wp\/v2\/categories?post=207"},{"taxonomy":"post_tag","embeddable":true,"href":"https:\/\/www.obispadorqta.org.ar\/v3\/wp-json\/wp\/v2\/tags?post=207"}],"curies":[{"name":"wp","href":"https:\/\/api.w.org\/{rel}","templated":true}]}}