{"id":208,"date":"2009-09-16T19:22:05","date_gmt":"2009-09-16T19:22:05","guid":{"rendered":"http:\/\/www.obispadorqta.org.ar\/v3\/peregrinacion-juvenil-a-itati\/"},"modified":"2009-09-16T19:22:05","modified_gmt":"2009-09-16T19:22:05","slug":"peregrinacion-juvenil-a-itati","status":"publish","type":"post","link":"https:\/\/www.obispadorqta.org.ar\/v3\/peregrinacion-juvenil-a-itati\/","title":{"rendered":"Peregrinaci\u00f3n Juvenil a Itat\u00ed"},"content":{"rendered":"<p><a href=\"http:\/\/2.bp.blogspot.com\/_Dl5zl2Tn-es\/SrFBZQPt2hI\/AAAAAAAAAJU\/bULzhF8Tdbk\/s1600-h\/Logopererecargado.JPG\"><img loading=\"lazy\" decoding=\"async\" src=\"http:\/\/2.bp.blogspot.com\/_Dl5zl2Tn-es\/SrFBZQPt2hI\/AAAAAAAAAJU\/bULzhF8Tdbk\/s320\/Logopererecargado.JPG\" border=\"0\" width=\"274\" height=\"142\" align=\"left\" \/><\/a>  El Equipo de Pastoral de Juventud de la Di\u00f3cesis de Reconquista los invita a preparar espiritualmente la XXX Peregrinaci\u00f3n Juvenil del NEA, a la Bas\u00edlica de Itat\u00ed, Corrientes.<\/p>\n<p>Los d\u00edas 19 y 20 de septiembre y bajo el lema <em>\u00abCon la esperanza de Mar\u00eda, celebramos nuestra historia \u2013 30 a\u00f1os\u00bb<\/em>, los j\u00f3venes del NEA peregrinar\u00e1n desde la ciudad de Corrientes a la Bas\u00edlica de Itat\u00ed. Nuestra Di\u00f3cesis de Reconquista partir\u00e1 desde La Eragia a las 12:00 del 19 de septiembre, previa bendici\u00f3n de nuestro Obispo Diocesano, Mons. Ram\u00f3n Dus, a los j\u00f3venes que peregrinen.<\/p>\n<p>Podemos unirnos a esta manifestaci\u00f3n de fe rezando con las intenciones por las que peregrinan nuestros j\u00f3venes:<\/p>\n<p>1)\u00a0\u00a0\u00a0 Por los j\u00f3venes: Se\u00f1or, te pedimos por los j\u00f3venes de nuestra regi\u00f3n NEA, para que la trig\u00e9sima peregrinaci\u00f3n, y siguiendo los pasos de aquellos primeros disc\u00edpulos, continuemos anunciando la alegr\u00eda de la salvaci\u00f3n tra\u00edda por Jes\u00fas, nuestro amigo y Salvador.<\/p>\n<p>2)\u00a0\u00a0\u00a0 Por las familias: Se\u00f1or Jes\u00fas, te pedimos por nuestras familias, para que siendo iluminadas por las ense\u00f1anzas de la Iglesia, crezcan en el amor y logren transformar sus vidas en un camino de santidad.<\/p>\n<p>3)\u00a0\u00a0\u00a0 Por las vocaciones: Se\u00f1or Jesucristo, te pedimos por todas las vocaciones, para que como bautizados asuman con coraje los compromisos del bautismo y anuncien a Cristo con una vida santa.<\/p>\n<p>4)\u00a0\u00a0\u00a0 Por la Patria: Se\u00f1or, te pedimos por nuestra Patria, para que todos nosotros como ciudadanos aprendamos d\u00eda a d\u00eda a compartir con los m\u00e1s pobres y necesitados nuestros dones y riquezas, con gestos de respeto, tolerancia y solidaridad.<\/p>\n<p>Que Mar\u00eda de Itat\u00ed proteja y acompa\u00f1e a los que peregrinan, como lo viene haciendo desde hace 30 a\u00f1os y bendiga a los que se conf\u00edan a su intercesi\u00f3n.<\/p>\n<p>Equipo Diocesano de Pastoral de Juventud<br \/>DI\u00d3CESIS DE RECONQUISTA<br \/>Para mayor informaci\u00f3n:<br \/>Padre Rolando Gonz\u00e1lez &#8211; 15445364<\/p>\n","protected":false},"excerpt":{"rendered":"<div class=\"mh-excerpt\"><p><a href=\"http:\/\/2.bp.blogspot.com\/_Dl5zl2Tn-es\/SrFBZQPt2hI\/AAAAAAAAAJU\/bULzhF8Tdbk\/s1600-h\/Logopererecargado.JPG\"><img loading=\"lazy\" decoding=\"async\" src=\"http:\/\/2.bp.blogspot.com\/_Dl5zl2Tn-es\/SrFBZQPt2hI\/AAAAAAAAAJU\/bULzhF8Tdbk\/s320\/Logopererecargado.JPG\" border=\"0\" width=\"274\" height=\"142\" align=\"left\" \/><\/a>  El Equipo de Pastoral de Juventud de la Di\u00f3cesis de Reconquista los invita a preparar espiritualmente la XXX Peregrinaci\u00f3n Juvenil del NEA, a la Bas\u00edlica de Itat\u00ed, Corrientes.<\/p>\n<p>Los d\u00edas 19 y 20 de septiembre y bajo el lema <em>\u00abCon la esperanza de Mar\u00eda, celebramos nuestra historia \u2013 30 a\u00f1os\u00bb<\/em>, los j\u00f3venes del NEA peregrinar\u00e1n desde la ciudad de Corrientes a la Bas\u00edlica de Itat\u00ed. Nuestra Di\u00f3cesis de Reconquista partir\u00e1 desde La Eragia a las 12:00 del 19 de septiembre, previa bendici\u00f3n de nuestro Obispo Diocesano, Mons. Ram\u00f3n Dus, a los j\u00f3venes que peregrinen.<\/p>\n<\/div>","protected":false},"author":1,"featured_media":0,"comment_status":"open","ping_status":"open","sticky":false,"template":"","format":"standard","meta":{"footnotes":""},"categories":[28],"tags":[],"class_list":["post-208","post","type-post","status-publish","format-standard","hentry","category-latest-news"],"_links":{"self":[{"href":"https:\/\/www.obispadorqta.org.ar\/v3\/wp-json\/wp\/v2\/posts\/208","targetHints":{"allow":["GET"]}}],"collection":[{"href":"https:\/\/www.obispadorqta.org.ar\/v3\/wp-json\/wp\/v2\/posts"}],"about":[{"href":"https:\/\/www.obispadorqta.org.ar\/v3\/wp-json\/wp\/v2\/types\/post"}],"author":[{"embeddable":true,"href":"https:\/\/www.obispadorqta.org.ar\/v3\/wp-json\/wp\/v2\/users\/1"}],"replies":[{"embeddable":true,"href":"https:\/\/www.obispadorqta.org.ar\/v3\/wp-json\/wp\/v2\/comments?post=208"}],"version-history":[{"count":0,"href":"https:\/\/www.obispadorqta.org.ar\/v3\/wp-json\/wp\/v2\/posts\/208\/revisions"}],"wp:attachment":[{"href":"https:\/\/www.obispadorqta.org.ar\/v3\/wp-json\/wp\/v2\/media?parent=208"}],"wp:term":[{"taxonomy":"category","embeddable":true,"href":"https:\/\/www.obispadorqta.org.ar\/v3\/wp-json\/wp\/v2\/categories?post=208"},{"taxonomy":"post_tag","embeddable":true,"href":"https:\/\/www.obispadorqta.org.ar\/v3\/wp-json\/wp\/v2\/tags?post=208"}],"curies":[{"name":"wp","href":"https:\/\/api.w.org\/{rel}","templated":true}]}}