{"id":209,"date":"2009-09-17T12:00:20","date_gmt":"2009-09-17T12:00:20","guid":{"rendered":"http:\/\/www.obispadorqta.org.ar\/v3\/aniversario-episcopal-de-mons-dus\/"},"modified":"2009-09-17T12:00:20","modified_gmt":"2009-09-17T12:00:20","slug":"aniversario-episcopal-de-mons-dus","status":"publish","type":"post","link":"https:\/\/www.obispadorqta.org.ar\/v3\/aniversario-episcopal-de-mons-dus\/","title":{"rendered":"Aniversario Episcopal de Mons. Dus"},"content":{"rendered":"<p><!--[if gte mso 9]><xml>  <w:WordDocument>   <w:View>Normal<\/w:View>   <w:Zoom>0<\/w:Zoom>   <w:HyphenationZone>21<\/w:HyphenationZone>   <w:PunctuationKerning\/>   <w:ValidateAgainstSchemas\/>   <w:SaveIfXMLInvalid>false<\/w:SaveIfXMLInvalid>   <w:IgnoreMixedContent>false<\/w:IgnoreMixedContent>   <w:AlwaysShowPlaceholderText>false<\/w:AlwaysShowPlaceholderText>   <w:Compatibility>    <w:BreakWrappedTables\/>    <w:SnapToGridInCell\/>    <w:WrapTextWithPunct\/>    <w:UseAsianBreakRules\/>    <w:DontGrowAutofit\/>   <\/w:Compatibility>   <w:BrowserLevel>MicrosoftInternetExplorer4<\/w:BrowserLevel>  <\/w:WordDocument> <\/xml><![endif]--><!--[if gte mso 9]><xml>  <w:LatentStyles DefLockedState=\"false\" LatentStyleCount=\"156\">  <\/w:LatentStyles> <\/xml><![endif]--><!--[if !mso]>\n\n<div   classid=\"clsid:38481807-CA0E-42D2-BF39-B33AF135CC4D\" id=ieooui><\/div>\n\n \n\n<style> st1\\:*{behavior:url(#ieooui) } <\/style>\n\n <![endif]--> <!--  \/* Font Definitions *\/  @font-face \t{font-family:\"Arial Unicode MS\"; \tpanose-1:2 11 6 4 2 2 2 2 2 4; \tmso-font-charset:128; \tmso-generic-font-family:swiss; \tmso-font-pitch:variable; \tmso-font-signature:-1 -369098753 63 0 4129279 0;} @font-face \t{font-family:Tahoma; \tpanose-1:2 11 6 4 3 5 4 4 2 4; \tmso-font-charset:0; \tmso-generic-font-family:swiss; \tmso-font-pitch:variable; \tmso-font-signature:1627421319 -2147483648 8 0 66047 0;} @font-face \t{font-family:\"\\@Arial Unicode MS\"; \tpanose-1:2 11 6 4 2 2 2 2 2 4; \tmso-font-charset:128; \tmso-generic-font-family:swiss; \tmso-font-pitch:variable; \tmso-font-signature:-1 -369098753 63 0 4129279 0;}  \/* Style Definitions *\/  p.MsoNormal, li.MsoNormal, div.MsoNormal \t{mso-style-parent:\"\"; \tmargin:0cm; \tmargin-bottom:.0001pt; \tmso-pagination:widow-orphan; \tfont-size:12.0pt; \tfont-family:\"Times New Roman\"; \tmso-fareast-font-family:\"Times New Roman\";} p \t{mso-margin-top-alt:auto; \tmargin-right:0cm; \tmso-margin-bottom-alt:auto; \tmargin-left:0cm; \tmso-pagination:widow-orphan; \tfont-size:12.0pt; \tfont-family:\"Arial Unicode MS\";} @page Section1 \t{size:595.3pt 841.9pt; \tmargin:70.85pt 3.0cm 70.85pt 3.0cm; \tmso-header-margin:35.4pt; \tmso-footer-margin:35.4pt; \tmso-paper-source:0;} div.Section1 \t{page:Section1;} --> <!--[if gte mso 10]> \n\n<style>  \/* Style Definitions *\/  table.MsoNormalTable \t{mso-style-name:\"Tabla normal\"; \tmso-tstyle-rowband-size:0; \tmso-tstyle-colband-size:0; \tmso-style-noshow:yes; \tmso-style-parent:\"\"; \tmso-padding-alt:0cm 5.4pt 0cm 5.4pt; \tmso-para-margin:0cm; \tmso-para-margin-bottom:.0001pt; \tmso-pagination:widow-orphan; \tfont-size:10.0pt; \tfont-family:\"Times New Roman\"; \tmso-ansi-language:#0400; \tmso-fareast-language:#0400; \tmso-bidi-language:#0400;} <\/style>\n\n <![endif]-->  <\/p>\n<p style=\"margin: 0cm 0cm 0.0001pt; text-align: center\" align=\"center\"><strong><span style=\"font-size: 11pt\"><em>\u201cDonde esta el Amor esta la Paz\u201d<\/em><\/span><\/strong><\/p>\n<p style=\"margin: 0cm 0cm 0.0001pt; text-align: center\" align=\"center\">&nbsp;<\/p>\n<p style=\"margin: 0cm 0cm 0.0001pt; text-align: justify\"><span style=\"font-size: 10pt; font-family: Tahoma\">En el d\u00eda<\/span><span style=\"font-size: 10pt; font-family: Tahoma\"><a href=\"http:\/\/2.bp.blogspot.com\/_Dl5zl2Tn-es\/SrIr9Xzg8XI\/AAAAAAAAAJc\/yfPff2I1tVg\/s1600-h\/Imagenes+Pepi+194.jpg\"><img loading=\"lazy\" decoding=\"async\" src=\"http:\/\/2.bp.blogspot.com\/_Dl5zl2Tn-es\/SrIr9Xzg8XI\/AAAAAAAAAJc\/yfPff2I1tVg\/s320\/Imagenes+Pepi+194.jpg\" border=\"0\" width=\"109\" height=\"179\" align=\"left\" \/><\/a><\/span><span style=\"font-size: 10pt; font-family: Tahoma\"> de hoy, 17 de septiembre, Mons. Ram\u00f3n A. Dus, celebra cuatro a\u00f1os como Pastor de nuestra Iglesia Dioce<\/span><span style=\"font-size: 10pt; font-family: Tahoma\">sana. Fue nombrado Obispo por el Santo Padre Benedicto XVI el 05 de agosto de 2005. Su Consagraci\u00f3n<\/span><span style=\"font-size: 10pt; font-family: Tahoma\"> episcopal se realizo en la Iglesia Catedral \u201cNuestra Se\u00f1ora del Rosario\u201d de la Arquidi\u00f3cesis de Paran\u00e1 por el S.E.R. Mons. Mario Mauli\u00f3n, Arzobispo Diocesano de Paran\u00e1. Tom\u00f3 Posesi\u00f3n como Obispo Auxiliar en la Iglesia Catedral de Reconquista el d\u00eda 02 de octubre de 2005. Se inicio como Obispo diocesano de la ciudad de Reconquista el d\u00eda 27 de abril de 2008.<\/span><\/p>\n<p style=\"margin: 0cm 0cm 0.0001pt; text-align: justify\"><span style=\"font-size: 10pt; font-family: Tahoma\">\u00a0<\/span><\/p>\n<p style=\"margin: 0cm 0cm 0.0001pt; text-align: justify\"><span style=\"font-size: 10pt; font-family: Tahoma\">Hoy, desde el afecto y la oraci\u00f3n, queremos saludarlo y felicitarlo. Damos gracias a Dios por su fidelidad y testimonio de Vida Consagrada al Se\u00f1or y a los dem\u00e1s, de lo que <\/span><span style=\"font-size: 10pt; font-family: Tahoma\">nuestr<\/span><span style=\"font-size: 10pt; font-family: Tahoma\">o pueblo tiene tanta necesidad.<\/span><\/p>\n<p style=\"margin: 0cm 0cm 0.0001pt; text-align: justify\"><span style=\"font-size: 10pt; font-family: Tahoma\">\u00a0<\/span><\/p>\n<p style=\"margin: 0cm 0cm 0.0001pt; text-align: justify\"><span style=\"font-size: 10pt; font-family: Tahoma\">Que el Se\u00f1or le siga concediendo un coraz\u00f3n de buen Pastor, semejante al de su Hijo Jes\u00fas para que siga siendo en toda la Iglesia de Reconquista, padre, amigo y hermano. <\/span><\/p>\n","protected":false},"excerpt":{"rendered":"<div class=\"mh-excerpt\"><p>\u201cDonde esta el Amor esta la Paz\u201d &nbsp; En el d\u00eda de hoy, 17 de septiembre, Mons. Ram\u00f3n A. Dus, celebra cuatro a\u00f1os como Pastor <a class=\"mh-excerpt-more\" href=\"https:\/\/www.obispadorqta.org.ar\/v3\/aniversario-episcopal-de-mons-dus\/\" title=\"Aniversario Episcopal de Mons. Dus\">[&#8230;]<\/a><\/p>\n<\/div>","protected":false},"author":1,"featured_media":0,"comment_status":"open","ping_status":"open","sticky":false,"template":"","format":"standard","meta":{"footnotes":""},"categories":[28],"tags":[],"class_list":["post-209","post","type-post","status-publish","format-standard","hentry","category-latest-news"],"_links":{"self":[{"href":"https:\/\/www.obispadorqta.org.ar\/v3\/wp-json\/wp\/v2\/posts\/209","targetHints":{"allow":["GET"]}}],"collection":[{"href":"https:\/\/www.obispadorqta.org.ar\/v3\/wp-json\/wp\/v2\/posts"}],"about":[{"href":"https:\/\/www.obispadorqta.org.ar\/v3\/wp-json\/wp\/v2\/types\/post"}],"author":[{"embeddable":true,"href":"https:\/\/www.obispadorqta.org.ar\/v3\/wp-json\/wp\/v2\/users\/1"}],"replies":[{"embeddable":true,"href":"https:\/\/www.obispadorqta.org.ar\/v3\/wp-json\/wp\/v2\/comments?post=209"}],"version-history":[{"count":0,"href":"https:\/\/www.obispadorqta.org.ar\/v3\/wp-json\/wp\/v2\/posts\/209\/revisions"}],"wp:attachment":[{"href":"https:\/\/www.obispadorqta.org.ar\/v3\/wp-json\/wp\/v2\/media?parent=209"}],"wp:term":[{"taxonomy":"category","embeddable":true,"href":"https:\/\/www.obispadorqta.org.ar\/v3\/wp-json\/wp\/v2\/categories?post=209"},{"taxonomy":"post_tag","embeddable":true,"href":"https:\/\/www.obispadorqta.org.ar\/v3\/wp-json\/wp\/v2\/tags?post=209"}],"curies":[{"name":"wp","href":"https:\/\/api.w.org\/{rel}","templated":true}]}}