{"id":215,"date":"2009-10-01T13:05:57","date_gmt":"2009-10-01T13:05:57","guid":{"rendered":"http:\/\/www.obispadorqta.org.ar\/v3\/150-anos-de-la-diocesis-de-parana\/"},"modified":"2009-10-01T13:05:57","modified_gmt":"2009-10-01T13:05:57","slug":"150-anos-de-la-diocesis-de-parana","status":"publish","type":"post","link":"https:\/\/www.obispadorqta.org.ar\/v3\/150-anos-de-la-diocesis-de-parana\/","title":{"rendered":"150 a\u00f1os de la creaci\u00f3n de la Di\u00f3cesis de Paran\u00e1"},"content":{"rendered":"<p><!--[if gte mso 9]><xml>  <w:WordDocument>   <w:View>Normal<\/w:View>   <w:Zoom>0<\/w:Zoom>   <w:HyphenationZone>21<\/w:HyphenationZone>   <w:PunctuationKerning\/>   <w:ValidateAgainstSchemas\/>   <w:SaveIfXMLInvalid>false<\/w:SaveIfXMLInvalid>   <w:IgnoreMixedContent>false<\/w:IgnoreMixedContent>   <w:AlwaysShowPlaceholderText>false<\/w:AlwaysShowPlaceholderText>   <w:Compatibility>    <w:BreakWrappedTables\/>    <w:SnapToGridInCell\/>    <w:WrapTextWithPunct\/>    <w:UseAsianBreakRules\/>    <w:DontGrowAutofit\/>   <\/w:Compatibility>   <w:BrowserLevel>MicrosoftInternetExplorer4<\/w:BrowserLevel>  <\/w:WordDocument> <\/xml><![endif]--><!--[if gte mso 9]><xml>  <w:LatentStyles DefLockedState=\"false\" LatentStyleCount=\"156\">  <\/w:LatentStyles> <\/xml><![endif]--><!--[if !mso]>\n\n<div   classid=\"clsid:38481807-CA0E-42D2-BF39-B33AF135CC4D\" id=ieooui><\/div>\n\n \n\n<style> st1\\:*{behavior:url(#ieooui) } <\/style>\n\n <![endif]--> <!--  \/* Font Definitions *\/  @font-face \t{font-family:Tahoma; \tpanose-1:2 11 6 4 3 5 4 4 2 4; \tmso-font-charset:0; \tmso-generic-font-family:swiss; \tmso-font-pitch:variable; \tmso-font-signature:1627421319 -2147483648 8 0 66047 0;}  \/* Style Definitions *\/  p.MsoNormal, li.MsoNormal, div.MsoNormal \t{mso-style-parent:\"\"; \tmargin:0cm; \tmargin-bottom:.0001pt; \tmso-pagination:widow-orphan; \tfont-size:12.0pt; \tfont-family:\"Times New Roman\"; \tmso-fareast-font-family:\"Times New Roman\";} span.nte \t{mso-style-name:nte;} @page Section1 \t{size:595.3pt 841.9pt; \tmargin:70.85pt 3.0cm 70.85pt 3.0cm; \tmso-header-margin:35.4pt; \tmso-footer-margin:35.4pt; \tmso-paper-source:0;} div.Section1 \t{page:Section1;} --> <!--[if gte mso 10]> \n\n<style>  \/* Style Definitions *\/  table.MsoNormalTable \t{mso-style-name:\"Tabla normal\"; \tmso-tstyle-rowband-size:0; \tmso-tstyle-colband-size:0; \tmso-style-noshow:yes; \tmso-style-parent:\"\"; \tmso-padding-alt:0cm 5.4pt 0cm 5.4pt; \tmso-para-margin:0cm; \tmso-para-margin-bottom:.0001pt; \tmso-pagination:widow-orphan; \tfont-size:10.0pt; \tfont-family:\"Times New Roman\"; \tmso-ansi-language:#0400; \tmso-fareast-language:#0400; \tmso-bidi-language:#0400;} <\/style>\n\n <![endif]-->  <\/p>\n<p style=\"text-align: justify\" class=\"MsoNormal\"><span style=\"font-size: 10pt; font-family: Tahoma\"> <a href=\"http:\/\/2.bp.blogspot.com\/_Dl5zl2Tn-es\/SsSz7GujbjI\/AAAAAAAAALE\/DCge2TH3wgQ\/s1600-h\/DSC02423.JPG\"><img loading=\"lazy\" decoding=\"async\" src=\"http:\/\/2.bp.blogspot.com\/_Dl5zl2Tn-es\/SsSz7GujbjI\/AAAAAAAAALE\/DCge2TH3wgQ\/s320\/DSC02423.JPG\" border=\"0\" width=\"165\" height=\"124\" align=\"left\" \/><\/a>  Nuestro Obispo diocesano, <strong>Mons. Ram\u00f3n A. Dus<\/strong>, <span>\u00a0<\/span>participo en la ciudad de Paran\u00e1 de la <span class=\"nte\">celebraci\u00f3n de la festividad de San Miguel Arc\u00e1ngel, patrono de Entre R\u00edos. <\/span><br \/> <span class=\"nte\">La envergadura de la fiesta patronal este a\u00f1o estuvo dada por un acontecimiento extra que se suma, y es la recordaci\u00f3n de los 150 a\u00f1os de creaci\u00f3n de la di\u00f3cesis de Paran\u00e1.<\/span><\/span><\/p>\n<p style=\"text-align: justify\" class=\"MsoNormal\"><span class=\"nte\"><span style=\"font-size: 10pt; font-family: Tahoma\">La procesi\u00f3n y la Celebraci\u00f3n Eucar\u00edstica, que se ofici\u00f3 en la  Catedral Nuestra Se\u00f1ora del Rosario, estuvo presidida por el arzobispo de Paran\u00e1, Mario Mauli\u00f3n y concelebrada por 15 Obispos de la Regi\u00f3n del Litoral y Nea. <\/span><\/span><\/p>\n<p style=\"text-align: justify\" class=\"MsoNormal\">&nbsp;<\/p>\n<p style=\"text-align: justify\" class=\"MsoNormal\">(Ver m\u00e1s fotos en Galer\u00eda de Imagenes) <\/p>\n","protected":false},"excerpt":{"rendered":"<div class=\"mh-excerpt\"><p>Nuestro Obispo diocesano, Mons. Ram\u00f3n A. Dus, \u00a0participo en la ciudad de Paran\u00e1 de la celebraci\u00f3n de la festividad de San Miguel Arc\u00e1ngel, patrono de <a class=\"mh-excerpt-more\" href=\"https:\/\/www.obispadorqta.org.ar\/v3\/150-anos-de-la-diocesis-de-parana\/\" title=\"150 a\u00f1os de la creaci\u00f3n de la Di\u00f3cesis de Paran\u00e1\">[&#8230;]<\/a><\/p>\n<\/div>","protected":false},"author":1,"featured_media":0,"comment_status":"open","ping_status":"open","sticky":false,"template":"","format":"standard","meta":{"footnotes":""},"categories":[28],"tags":[],"class_list":["post-215","post","type-post","status-publish","format-standard","hentry","category-latest-news"],"_links":{"self":[{"href":"https:\/\/www.obispadorqta.org.ar\/v3\/wp-json\/wp\/v2\/posts\/215","targetHints":{"allow":["GET"]}}],"collection":[{"href":"https:\/\/www.obispadorqta.org.ar\/v3\/wp-json\/wp\/v2\/posts"}],"about":[{"href":"https:\/\/www.obispadorqta.org.ar\/v3\/wp-json\/wp\/v2\/types\/post"}],"author":[{"embeddable":true,"href":"https:\/\/www.obispadorqta.org.ar\/v3\/wp-json\/wp\/v2\/users\/1"}],"replies":[{"embeddable":true,"href":"https:\/\/www.obispadorqta.org.ar\/v3\/wp-json\/wp\/v2\/comments?post=215"}],"version-history":[{"count":0,"href":"https:\/\/www.obispadorqta.org.ar\/v3\/wp-json\/wp\/v2\/posts\/215\/revisions"}],"wp:attachment":[{"href":"https:\/\/www.obispadorqta.org.ar\/v3\/wp-json\/wp\/v2\/media?parent=215"}],"wp:term":[{"taxonomy":"category","embeddable":true,"href":"https:\/\/www.obispadorqta.org.ar\/v3\/wp-json\/wp\/v2\/categories?post=215"},{"taxonomy":"post_tag","embeddable":true,"href":"https:\/\/www.obispadorqta.org.ar\/v3\/wp-json\/wp\/v2\/tags?post=215"}],"curies":[{"name":"wp","href":"https:\/\/api.w.org\/{rel}","templated":true}]}}