{"id":217,"date":"2009-10-06T13:16:56","date_gmt":"2009-10-06T13:16:56","guid":{"rendered":"http:\/\/www.obispadorqta.org.ar\/v3\/noticias-del-padre-gustavo-braidot\/"},"modified":"2009-10-06T13:16:56","modified_gmt":"2009-10-06T13:16:56","slug":"noticias-del-padre-gustavo-braidot","status":"publish","type":"post","link":"https:\/\/www.obispadorqta.org.ar\/v3\/noticias-del-padre-gustavo-braidot\/","title":{"rendered":"Nos llegan Noticias desde la ciudad de Ars"},"content":{"rendered":"<p><!--[if gte mso 9]><xml>  <w:WordDocument>   <w:View>Normal<\/w:View>   <w:Zoom>0<\/w:Zoom>   <w:HyphenationZone>21<\/w:HyphenationZone>   <w:PunctuationKerning\/>   <w:ValidateAgainstSchemas\/>   <w:SaveIfXMLInvalid>false<\/w:SaveIfXMLInvalid>   <w:IgnoreMixedContent>false<\/w:IgnoreMixedContent>   <w:AlwaysShowPlaceholderText>false<\/w:AlwaysShowPlaceholderText>   <w:Compatibility>    <w:BreakWrappedTables\/>    <w:SnapToGridInCell\/>    <w:WrapTextWithPunct\/>    <w:UseAsianBreakRules\/>    <w:DontGrowAutofit\/>   <\/w:Compatibility>   <w:BrowserLevel>MicrosoftInternetExplorer4<\/w:BrowserLevel>  <\/w:WordDocument> <\/xml><![endif]--><!--[if gte mso 9]><xml>  <w:LatentStyles DefLockedState=\"false\" LatentStyleCount=\"156\">  <\/w:LatentStyles> <\/xml><![endif]--><!--[if !mso]>\n\n<div   classid=\"clsid:38481807-CA0E-42D2-BF39-B33AF135CC4D\" id=ieooui><\/div>\n\n \n\n<style> st1\\:*{behavior:url(#ieooui) } <\/style>\n\n <![endif]--> <!--  \/* Font Definitions *\/  @font-face \t{font-family:Tahoma; \tpanose-1:2 11 6 4 3 5 4 4 2 4; \tmso-font-charset:0; \tmso-generic-font-family:swiss; \tmso-font-pitch:variable; \tmso-font-signature:1627421319 -2147483648 8 0 66047 0;}  \/* Style Definitions *\/  p.MsoNormal, li.MsoNormal, div.MsoNormal \t{mso-style-parent:\"\"; \tmargin:0cm; \tmargin-bottom:.0001pt; \tmso-pagination:widow-orphan; \tfont-size:12.0pt; \tfont-family:\"Times New Roman\"; \tmso-fareast-font-family:\"Times New Roman\";} span.ecxapple-style-span \t{mso-style-name:ecxapple-style-span;} @page Section1 \t{size:612.0pt 792.0pt; \tmargin:70.85pt 3.0cm 70.85pt 3.0cm; \tmso-header-margin:36.0pt; \tmso-footer-margin:36.0pt; \tmso-paper-source:0;} div.Section1 \t{page:Section1;} --> <!--[if gte mso 10]> \n\n<style>  \/* Style Definitions *\/  table.MsoNormalTable \t{mso-style-name:\"Tabla normal\"; \tmso-tstyle-rowband-size:0; \tmso-tstyle-colband-size:0; \tmso-style-noshow:yes; \tmso-style-parent:\"\"; \tmso-padding-alt:0cm 5.4pt 0cm 5.4pt; \tmso-para-margin:0cm; \tmso-para-margin-bottom:.0001pt; \tmso-pagination:widow-orphan; \tfont-size:10.0pt; \tfont-family:\"Times New Roman\"; \tmso-ansi-language:#0400; \tmso-fareast-language:#0400; \tmso-bidi-language:#0400;} <\/style>\n\n <![endif]-->  <\/p>\n<p style=\"text-align: justify\" class=\"MsoNormal\"><span class=\"ecxapple-style-span\"><span style=\"font-size: 10pt; font-family: Tahoma\">Querido<\/span><\/span><span class=\"ecxapple-style-span\"><span style=\"font-size: 10pt; font-family: Tahoma\">s a<\/span><\/span><span class=\"ecxapple-style-span\"><span style=\"font-size: 10pt; font-family: Tahoma\"><a href=\"http:\/\/1.bp.blogspot.com\/_Dl5zl2Tn-es\/SstL-lGBbyI\/AAAAAAAAALc\/Brv-TPITKaA\/s1600-h\/P+Gustavo+y+Cachito+en+Ars.jpg\"><img loading=\"lazy\" decoding=\"async\" src=\"http:\/\/1.bp.blogspot.com\/_Dl5zl2Tn-es\/SstL-lGBbyI\/AAAAAAAAALc\/Brv-TPITKaA\/s320\/P+Gustavo+y+Cachito+en+Ars.jpg\" border=\"0\" width=\"113\" height=\"103\" align=\"left\" \/><\/a><\/span><\/span><span class=\"ecxapple-style-span\"><span style=\"font-size: 10pt; font-family: Tahoma\">migos de nuestra Di\u00f3cesis:<\/span><\/span><span style=\"font-size: 10pt; font-family: Tahoma\"> <\/span><\/p>\n<p style=\"text-align: justify\" class=\"MsoNormal\"><span class=\"ecxapple-style-span\"><span style=\"font-size: 10pt; font-family: Tahoma\">Con el Padr<\/span><\/span><span class=\"ecxapple-style-span\"><span style=\"font-size: 10pt; font-family: Tahoma\">e Rub\u00e9n \u201cCachito\u201d Taibo nos encontramos en el Retiro Internacional de Sacerdotes en Ars, en la ciudad <\/span><\/span><span class=\"ecxapple-style-span\"><span style=\"font-size: 10pt; font-family: Tahoma\">de Francia. <\/span><\/span><\/p>\n<p style=\"text-align: justify\" class=\"MsoNormal\"><span class=\"ecxapple-style-span\"><span style=\"font-size: 10pt; font-family: Tahoma\">Los tenemos presente y deseamos compartir con ustedes nuestra vivencia en este lugar de tanta significaci\u00f3n para todos los sacerdotes del mundo.<\/span><\/span><\/p>\n<p style=\"text-align: justify\" class=\"MsoNormal\"><span class=\"ecxapple-style-span\"><span style=\"font-size: 10pt; font-family: Tahoma\">Somos m\u00e1s de 1200 sacerdotes de 78 pa\u00edses y todos los continentes.<\/span><\/span><\/p>\n<p style=\"text-align: justify\" class=\"MsoNormal\"><span class=\"ecxapple-style-span\"><span style=\"font-size: 10pt; font-family: Tahoma\">La predicaci\u00f3n central del retiro la realiza el Cardenal de Viena Christopher Schonbor<\/span><\/span><span class=\"ecxapple-style-span\"><span style=\"font-size: 10pt; font-family: Tahoma\">n<\/span><\/span><span class=\"ecxapple-style-span\"><span style=\"font-size: 10pt; font-family: Tahoma\">; tambi\u00e9n intervino el Cardenal Hummes quien es el prefecto de la congregaci\u00f3n para el Clero.<\/span><\/span><\/p>\n<p style=\"text-align: justify\" class=\"MsoNormal\"><span class=\"ecxapple-style-span\"><span style=\"font-size: 10pt; font-family: Tahoma\">Con el Padre \u201cCachito\u00bb recorrimos los distintos lugares donde vivi\u00f3 y ejerci\u00f3 el ministe<\/span><\/span><a href=\"http:\/\/2.bp.blogspot.com\/_Dl5zl2Tn-es\/SstMjRrHjnI\/AAAAAAAAALk\/x0tavxSwTEk\/s1600-h\/IMG_3411.JPG\"><img loading=\"lazy\" decoding=\"async\" src=\"http:\/\/2.bp.blogspot.com\/_Dl5zl2Tn-es\/SstMjRrHjnI\/AAAAAAAAALk\/x0tavxSwTEk\/s320\/IMG_3411.JPG\" border=\"0\" width=\"154\" height=\"114\" align=\"right\" \/><\/a><span class=\"ecxapple-style-span\"><span style=\"font-size: 10pt; font-family: Tahoma\">rio el Cura de Ars, rezamos por todos los sacerdotes de nuestra Di\u00f3cesis, especialmente por nuestr<\/span><\/span><span class=\"ecxapple-style-span\"><span style=\"font-size: 10pt; font-family: Tahoma\">o obispo Mons. Ram\u00f3n y las vocaciones sacerdotales.<\/span><\/span><\/p>\n<p style=\"text-align: justify\" class=\"MsoNormal\"><span class=\"ecxapple-style-span\"><span style=\"font-size: 10pt; font-family: Tahoma\">Todo se desarrolla en un marco de mucha fraternidad y alegr\u00eda sacerdotal y se exp<\/span><\/span><span class=\"ecxapple-style-span\"><span style=\"font-size: 10pt; font-family: Tahoma\">erimenta muy fuertemente la <\/span><\/span><span class=\"ecxapple-style-span\"><span style=\"font-size: 10pt; font-family: Tahoma\">universalidad de la Iglesia en sus distintas expresiones.<\/span><\/span><\/p>\n<p style=\"text-align: justify\" class=\"MsoNormal\"><span class=\"ecxapple-style-span\"><span style=\"font-size: 10pt; font-family: Tahoma\">Ponemos en el Coraz\u00f3n del Cura de Ars el proceso diocesano y la pr\u00f3xima Asamblea de Pastoral Diocesana, para que juntos podamos responder a la voz de Dios como lo supo hacer Juan Mar\u00eda Vianney en su tiempo.<\/span><\/span><\/p>\n<p style=\"text-align: justify\" class=\"MsoNormal\"><span class=\"ecxapple-style-span\"><span style=\"font-size: 10pt; font-family: Tahoma\">Les enviamos cordiales saludos pidiendo al Se\u00f1or los bendiga en abundancia.<\/span><\/span><\/p>\n<p style=\"text-align: justify\" class=\"MsoNormal\" align=\"right\"><strong><em><span class=\"ecxapple-style-span\"><span style=\"font-size: 10pt; font-family: Tahoma\">Padre Gusta<\/span><\/span><\/em><\/strong><strong><em><span class=\"ecxapple-style-span\"><span style=\"font-size: 10pt; font-family: Tahoma\">vo y Cachito<\/span><\/span><\/em><\/strong><\/p>\n<p style=\"text-align: justify\" class=\"MsoNormal\" align=\"right\"><a href=\"http:\/\/1.bp.blogspot.com\/_Dl5zl2Tn-es\/SstNJtSlCHI\/AAAAAAAAAL0\/U_ueX4pYhS0\/s1600-h\/Immagine.jpg\"><img loading=\"lazy\" decoding=\"async\" src=\"http:\/\/1.bp.blogspot.com\/_Dl5zl2Tn-es\/SstNJtSlCHI\/AAAAAAAAAL0\/U_ueX4pYhS0\/s320\/Immagine.jpg\" border=\"0\" width=\"75\" height=\"100\" align=\"middle\" \/><\/a><a href=\"http:\/\/1.bp.blogspot.com\/_Dl5zl2Tn-es\/SstM5KPbvSI\/AAAAAAAAALs\/OljISldIxQo\/s1600-h\/IMG_3494.JPG\"><img loading=\"lazy\" decoding=\"async\" src=\"http:\/\/1.bp.blogspot.com\/_Dl5zl2Tn-es\/SstM5KPbvSI\/AAAAAAAAALs\/OljISldIxQo\/s320\/IMG_3494.JPG\" border=\"0\" width=\"133\" height=\"100\" align=\"left\" \/><\/a><\/p>\n","protected":false},"excerpt":{"rendered":"<div class=\"mh-excerpt\"><p><!--[if gte mso 9]><xml>  <w:WordDocument>   <w:View>Normal<\/w:View>   <w:Zoom>0<\/w:Zoom>   <w:HyphenationZone>21<\/w:HyphenationZone>   <w:PunctuationKerning\/>   <w:ValidateAgainstSchemas\/>   <w:SaveIfXMLInvalid>false<\/w:SaveIfXMLInvalid>   <w:IgnoreMixedContent>false<\/w:IgnoreMixedContent>   <w:AlwaysShowPlaceholderText>false<\/w:AlwaysShowPlaceholderText>   <w:Compatibility>    <w:BreakWrappedTables\/>    <w:SnapToGridInCell\/>    <w:WrapTextWithPunct\/>    <w:UseAsianBreakRules\/>    <w:DontGrowAutofit\/>   <\/w:Compatibility>   <w:BrowserLevel>MicrosoftInternetExplorer4<\/w:BrowserLevel>  <\/w:WordDocument> <\/xml><![endif]--><!--[if gte mso 9]><xml>  <w:LatentStyles DefLockedState=\"false\" LatentStyleCount=\"156\">  <\/w:LatentStyles> <\/xml><![endif]--><!--[if !mso]>\n\n<div   classid=\"clsid:38481807-CA0E-42D2-BF39-B33AF135CC4D\" id=ieooui><\/div>\n\n \n\n<style> st1\\:*{behavior:url(#ieooui) } <\/style>\n\n <![endif]--> <!--  \/* Font Definitions *\/  @font-face \t{font-family:Tahoma; \tpanose-1:2 11 6 4 3 5 4 4 2 4; \tmso-font-charset:0; \tmso-generic-font-family:swiss; \tmso-font-pitch:variable; \tmso-font-signature:1627421319 -2147483648 8 0 66047 0;}  \/* Style Definitions *\/  p.MsoNormal, li.MsoNormal, div.MsoNormal \t{mso-style-parent:\"\"; \tmargin:0cm; \tmargin-bottom:.0001pt; \tmso-pagination:widow-orphan; \tfont-size:12.0pt; \tfont-family:\"Times New Roman\"; \tmso-fareast-font-family:\"Times New Roman\";} span.ecxapple-style-span \t{mso-style-name:ecxapple-style-span;} @page Section1 \t{size:612.0pt 792.0pt; \tmargin:70.85pt 3.0cm 70.85pt 3.0cm; \tmso-header-margin:36.0pt; \tmso-footer-margin:36.0pt; \tmso-paper-source:0;} div.Section1 \t{page:Section1;} --> <!--[if gte mso 10]> \n\n<style>  \/* Style Definitions *\/  table.MsoNormalTable \t{mso-style-name:\"Tabla normal\"; \tmso-tstyle-rowband-size:0; \tmso-tstyle-colband-size:0; \tmso-style-noshow:yes; \tmso-style-parent:\"\"; \tmso-padding-alt:0cm 5.4pt 0cm 5.4pt; \tmso-para-margin:0cm; \tmso-para-margin-bottom:.0001pt; \tmso-pagination:widow-orphan; \tfont-size:10.0pt; \tfont-family:\"Times New Roman\"; \tmso-ansi-language:#0400; \tmso-fareast-language:#0400; \tmso-bidi-language:#0400;} <\/style>\n\n <![endif]-->  <\/p>\n<p style=\"text-align: justify\" class=\"MsoNormal\"><span class=\"ecxapple-style-span\"><span style=\"font-size: 10pt; font-family: Tahoma\">Querido<\/span><\/span><span class=\"ecxapple-style-span\"><span style=\"font-size: 10pt; font-family: Tahoma\">s a<\/span><\/span><span class=\"ecxapple-style-span\"><span style=\"font-size: 10pt; font-family: Tahoma\"><a href=\"http:\/\/1.bp.blogspot.com\/_Dl5zl2Tn-es\/SstL-lGBbyI\/AAAAAAAAALc\/Brv-TPITKaA\/s1600-h\/P+Gustavo+y+Cachito+en+Ars.jpg\"><img loading=\"lazy\" decoding=\"async\" src=\"http:\/\/1.bp.blogspot.com\/_Dl5zl2Tn-es\/SstL-lGBbyI\/AAAAAAAAALc\/Brv-TPITKaA\/s320\/P+Gustavo+y+Cachito+en+Ars.jpg\" border=\"0\" width=\"113\" height=\"103\" align=\"left\" \/><\/a><\/span><\/span><span class=\"ecxapple-style-span\"><span style=\"font-size: 10pt; font-family: Tahoma\">migos de nuestra Di\u00f3cesis:<\/span><\/span><span style=\"font-size: 10pt; font-family: Tahoma\"> <\/span><\/p>\n<p style=\"text-align: justify\" class=\"MsoNormal\"><span class=\"ecxapple-style-span\"><span style=\"font-size: 10pt; font-family: Tahoma\">Con el Padr<\/span><\/span><span class=\"ecxapple-style-span\"><span style=\"font-size: 10pt; font-family: Tahoma\">e Rub\u00e9n \u201cCachito\u201d Taibo nos encontramos en el Retiro Internacional de Sacerdotes en Ars, en la ciudad <\/span><\/span><span class=\"ecxapple-style-span\"><span style=\"font-size: 10pt; font-family: Tahoma\">de Francia. <\/span><\/span><\/p>\n<p style=\"text-align: justify\" class=\"MsoNormal\"><span class=\"ecxapple-style-span\"><span style=\"font-size: 10pt; font-family: Tahoma\">Los tenemos presente y deseamos compartir con ustedes nuestra vivencia en este lugar de tanta significaci\u00f3n para todos los sacerdotes del mundo.<\/span><\/span><\/p>\n<p style=\"text-align: justify\" class=\"MsoNormal\"><span class=\"ecxapple-style-span\"><span style=\"font-size: 10pt; font-family: Tahoma\">Somos m\u00e1s de 1200 sacerdotes de 78 pa\u00edses y todos los continentes.<\/span><\/span><\/p>\n<\/div>","protected":false},"author":1,"featured_media":0,"comment_status":"open","ping_status":"open","sticky":false,"template":"","format":"standard","meta":{"footnotes":""},"categories":[28],"tags":[],"class_list":["post-217","post","type-post","status-publish","format-standard","hentry","category-latest-news"],"_links":{"self":[{"href":"https:\/\/www.obispadorqta.org.ar\/v3\/wp-json\/wp\/v2\/posts\/217","targetHints":{"allow":["GET"]}}],"collection":[{"href":"https:\/\/www.obispadorqta.org.ar\/v3\/wp-json\/wp\/v2\/posts"}],"about":[{"href":"https:\/\/www.obispadorqta.org.ar\/v3\/wp-json\/wp\/v2\/types\/post"}],"author":[{"embeddable":true,"href":"https:\/\/www.obispadorqta.org.ar\/v3\/wp-json\/wp\/v2\/users\/1"}],"replies":[{"embeddable":true,"href":"https:\/\/www.obispadorqta.org.ar\/v3\/wp-json\/wp\/v2\/comments?post=217"}],"version-history":[{"count":0,"href":"https:\/\/www.obispadorqta.org.ar\/v3\/wp-json\/wp\/v2\/posts\/217\/revisions"}],"wp:attachment":[{"href":"https:\/\/www.obispadorqta.org.ar\/v3\/wp-json\/wp\/v2\/media?parent=217"}],"wp:term":[{"taxonomy":"category","embeddable":true,"href":"https:\/\/www.obispadorqta.org.ar\/v3\/wp-json\/wp\/v2\/categories?post=217"},{"taxonomy":"post_tag","embeddable":true,"href":"https:\/\/www.obispadorqta.org.ar\/v3\/wp-json\/wp\/v2\/tags?post=217"}],"curies":[{"name":"wp","href":"https:\/\/api.w.org\/{rel}","templated":true}]}}