{"id":221,"date":"2009-10-29T12:22:57","date_gmt":"2009-10-29T12:22:57","guid":{"rendered":"http:\/\/www.obispadorqta.org.ar\/v3\/oracion-union-en-la-crisis-movimiemto-diocesano-rural\/"},"modified":"2009-10-29T12:22:57","modified_gmt":"2009-10-29T12:22:57","slug":"oracion-union-en-la-crisis-movimiemto-diocesano-rural","status":"publish","type":"post","link":"https:\/\/www.obispadorqta.org.ar\/v3\/oracion-union-en-la-crisis-movimiemto-diocesano-rural\/","title":{"rendered":"Oraci\u00f3n-Uni\u00f3n en la Crisis, Movieminto Rural Diocesano"},"content":{"rendered":"<p><!--[if gte mso 9]><xml>  <w:WordDocument>   <w:View>Normal<\/w:View>   <w:Zoom>0<\/w:Zoom>   <w:HyphenationZone>21<\/w:HyphenationZone>   <w:PunctuationKerning\/>   <w:ValidateAgainstSchemas\/>   <w:SaveIfXMLInvalid>false<\/w:SaveIfXMLInvalid>   <w:IgnoreMixedContent>false<\/w:IgnoreMixedContent>   <w:AlwaysShowPlaceholderText>false<\/w:AlwaysShowPlaceholderText>   <w:Compatibility>    <w:BreakWrappedTables\/>    <w:SnapToGridInCell\/>    <w:WrapTextWithPunct\/>    <w:UseAsianBreakRules\/>    <w:DontGrowAutofit\/>   <\/w:Compatibility>   <w:BrowserLevel>MicrosoftInternetExplorer4<\/w:BrowserLevel>  <\/w:WordDocument> <\/xml><![endif]--><!--[if gte mso 9]><xml>  <w:LatentStyles DefLockedState=\"false\" LatentStyleCount=\"156\">  <\/w:LatentStyles> <\/xml><![endif]--><!--[if !mso]>\n\n<div   classid=\"clsid:38481807-CA0E-42D2-BF39-B33AF135CC4D\" id=ieooui><\/div>\n\n \n\n<style> st1\\:*{behavior:url(#ieooui) } <\/style>\n\n <![endif]--> <!--  \/* Style Definitions *\/  p.MsoNormal, li.MsoNormal, div.MsoNormal \t{mso-style-parent:\"\"; \tmargin:0cm; \tmargin-bottom:.0001pt; \tmso-pagination:widow-orphan; \tfont-size:12.0pt; \tfont-family:\"Times New Roman\"; \tmso-fareast-font-family:\"Times New Roman\";} @page Section1 \t{size:612.0pt 792.0pt; \tmargin:70.85pt 3.0cm 70.85pt 3.0cm; \tmso-header-margin:36.0pt; \tmso-footer-margin:36.0pt; \tmso-paper-source:0;} div.Section1 \t{page:Section1;} --> <!--[if gte mso 10]> \n\n<style>  \/* Style Definitions *\/  table.MsoNormalTable \t{mso-style-name:\"Tabla normal\"; \tmso-tstyle-rowband-size:0; \tmso-tstyle-colband-size:0; \tmso-style-noshow:yes; \tmso-style-parent:\"\"; \tmso-padding-alt:0cm 5.4pt 0cm 5.4pt; \tmso-para-margin:0cm; \tmso-para-margin-bottom:.0001pt; \tmso-pagination:widow-orphan; \tfont-size:10.0pt; \tfont-family:\"Times New Roman\"; \tmso-ansi-language:#0400; \tmso-fareast-language:#0400; \tmso-bidi-language:#0400;} <\/style>\n\n <![endif]--><span style=\"font-size: 10pt; font-family: Arial\">El domingo, 1\u00ba de noviembre, es la Solemnidad de Todos los Santos y\u00a0 la  Jornada Nacional de Oraci\u00f3n por la Santificaci\u00f3n del pueblo argentino y la  Glorificaci\u00f3n de los Siervos de Dios. <\/span><span style=\"font-size: 10pt; font-family: Arial\">Ese d\u00eda hay que rezar por nuestra propia santificaci\u00f3n y por la santidad de tanta gente buena que hay en todas partes y que gracias a Dios existen. Tambi\u00e9n para que oremos por nuestra querida Patria, para que nuestro Se\u00f1or Jesucristo, nos ayude en estos<strong><span style=\"font-family: Arial; font-weight: normal\"> momentos especiales que estamos viviendo, y siga velando y cuidando a nuestra querida Argentina<\/span><\/strong><strong>.<\/strong><\/span>  <\/p>\n<p><span style=\"font-size: 10pt; font-family: Arial\">Compartimos una Oraci\u00f3n-Uni\u00f3n elaborado por el Movimiento Rural Diocesano.<\/span><\/p>\n<p><!--[if gte mso 9]><xml>  <w:WordDocument>   <w:View>Normal<\/w:View>   <w:Zoom>0<\/w:Zoom>   <w:HyphenationZone>21<\/w:HyphenationZone>   <w:PunctuationKerning\/>   <w:ValidateAgainstSchemas\/>   <w:SaveIfXMLInvalid>false<\/w:SaveIfXMLInvalid>   <w:IgnoreMixedContent>false<\/w:IgnoreMixedContent>   <w:AlwaysShowPlaceholderText>false<\/w:AlwaysShowPlaceholderText>   <w:Compatibility>    <w:BreakWrappedTables\/>    <w:SnapToGridInCell\/>    <w:WrapTextWithPunct\/>    <w:UseAsianBreakRules\/>    <w:DontGrowAutofit\/>   <\/w:Compatibility>   <w:BrowserLevel>MicrosoftInternetExplorer4<\/w:BrowserLevel>  <\/w:WordDocument> <\/xml><![endif]--><!--[if gte mso 9]><xml>  <w:LatentStyles DefLockedState=\"false\" LatentStyleCount=\"156\">  <\/w:LatentStyles> <\/xml><![endif]--><!--[if !mso]>\n\n<div   classid=\"clsid:38481807-CA0E-42D2-BF39-B33AF135CC4D\" id=ieooui><\/div>\n\n \n\n<style> st1\\:*{behavior:url(#ieooui) } <\/style>\n\n <![endif]--> <!--  \/* Style Definitions *\/  p.MsoNormal, li.MsoNormal, div.MsoNormal \t{mso-style-parent:\"\"; \tmargin:0cm; \tmargin-bottom:.0001pt; \tmso-pagination:widow-orphan; \tfont-size:12.0pt; \tfont-family:\"Times New Roman\"; \tmso-fareast-font-family:\"Times New Roman\";} @page Section1 \t{size:612.0pt 792.0pt; \tmargin:70.85pt 3.0cm 70.85pt 3.0cm; \tmso-header-margin:36.0pt; \tmso-footer-margin:36.0pt; \tmso-paper-source:0;} div.Section1 \t{page:Section1;} --> <!--[if gte mso 10]> \n\n<style>  \/* Style Definitions *\/  table.MsoNormalTable \t{mso-style-name:\"Tabla normal\"; \tmso-tstyle-rowband-size:0; \tmso-tstyle-colband-size:0; \tmso-style-noshow:yes; \tmso-style-parent:\"\"; \tmso-padding-alt:0cm 5.4pt 0cm 5.4pt; \tmso-para-margin:0cm; \tmso-para-margin-bottom:.0001pt; \tmso-pagination:widow-orphan; \tfont-size:10.0pt; \tfont-family:\"Times New Roman\"; \tmso-ansi-language:#0400; \tmso-fareast-language:#0400; \tmso-bidi-language:#0400;} <\/style>\n\n <![endif]--><\/p>\n<p><em><span style=\"font-size: 10pt; font-family: Arial\">Las familias de nuestro norte santafesino est\u00e1n viviendo una situaci\u00f3n <\/span><\/em>  <\/p>\n<p style=\"margin: 3pt 0cm\" class=\"MsoNormal\"><em><span style=\"font-size: 10pt; font-family: Arial\">econ\u00f3mica, social y sicol\u00f3gica muy cr\u00edtica a ra\u00edz de la sequ\u00eda <\/span><\/em><\/p>\n<p style=\"margin: 3pt 0cm\" class=\"MsoNormal\"><em><span style=\"font-size: 10pt; font-family: Arial\">y de pol\u00edticas no adecuadas o insuficientes.<\/span><\/em><\/p>\n<p style=\"margin: 3pt 0cm\" class=\"MsoNormal\"><em><span style=\"font-size: 10pt; font-family: Arial\">Recordando la experiencia del Pueblo de Dios en Egipto<\/span><\/em><\/p>\n<p style=\"margin: 3pt 0cm\" class=\"MsoNormal\"><em><span style=\"font-size: 10pt; font-family: Arial\">\u201cHe visto la humillaci\u00f3n de mi Pueblo&#8230;.<\/span><\/em><\/p>\n<p style=\"margin: 3pt 0cm\" class=\"MsoNormal\"><em><span style=\"font-size: 10pt; font-family: Arial\">\u201cY he escuchado sus gritos&#8230;<\/span><\/em><\/p>\n<p style=\"margin: 3pt 0cm\" class=\"MsoNormal\"><em><span style=\"font-size: 10pt; font-family: Arial\">\u201cConozco sus sufrimientos<\/span><\/em><\/p>\n<p style=\"margin: 3pt 0cm\" class=\"MsoNormal\"><em><span style=\"font-size: 10pt; font-family: Arial\">\u201cHe bajado a librar a mi pueblo de la opresi\u00f3n&#8230;<\/span><\/em><\/p>\n<p style=\"margin: 3pt 0cm\" class=\"MsoNormal\"><em><span style=\"font-size: 10pt; font-family: Arial\">\u201cYo estar\u00e9 contigo&#8230;\u201d (Ex.3, 7-12)<\/span><\/em><\/p>\n<p style=\"margin: 3pt 0cm\" class=\"MsoNormal\"><em><span style=\"font-size: 10pt; font-family: Arial\">\u00a0<\/span><\/em><\/p>\n<p style=\"margin: 3pt 0cm\" class=\"MsoNormal\"><em><span style=\"font-size: 10pt; font-family: Arial\">Animamos a todos a unirnos en oraci\u00f3n desde el 1ro de Noviembre <\/span><\/em><\/p>\n<p style=\"margin: 3pt 0cm\" class=\"MsoNormal\"><em><span style=\"font-size: 10pt; font-family: Arial\">por la santificaci\u00f3n del Pueblo Argentino desde este norte santafesino, desde nuestra Di\u00f3cesis.<\/span><\/em><\/p>\n<p style=\"margin: 3pt 0cm\" class=\"MsoNormal\"><strong><em><span style=\"font-size: 10pt; font-family: Arial\">Santificaci\u00f3n es \u201cRealizar el proyecto de Dios en la historia. Hoy\u201d.<\/span><\/em><\/strong><\/p>\n<p style=\"margin: 3pt 0cm\" class=\"MsoNormal\"><em><span style=\"font-size: 10pt; font-family: Arial\">Recordemos las palabras de Jes\u00fas:<\/span><\/em><\/p>\n<p style=\"margin: 3pt 0cm\" class=\"MsoNormal\"><em><span style=\"font-size: 10pt; font-family: Arial\">\u201cNo son los que dicen: Se\u00f1or, Se\u00f1or` los que entrar\u00e1n en el Reino de los Cielos<\/span><\/em><\/p>\n<p style=\"margin: 3pt 0cm\" class=\"MsoNormal\"><em><span style=\"font-size: 10pt; font-family: Arial\">sino los que cumplen la Voluntad de mi Padre que est\u00e1 en el Cielo\u201d (Mt.7,21-23)<\/span><\/em><\/p>\n<p style=\"margin: 3pt 0cm\" class=\"MsoNormal\"><em><span style=\"font-size: 10pt; font-family: Arial\">\u201c&#8230;Vengan benditos de mi Padre a poseer el Reino&#8230;<\/span><\/em><\/p>\n<p style=\"margin: 3pt 0cm\" class=\"MsoNormal\"><em><span style=\"font-size: 10pt; font-family: Arial\">&#8230;Lo que hicieron con el m\u00e1s peque\u00f1o de mis hermanos, lo hicieron conmigo..\u201d(Mt. 25, 31-46)<\/span><\/em><\/p>\n<p style=\"margin: 3pt 0cm\" class=\"MsoNormal\"><em><span style=\"font-size: 10pt; font-family: Arial\">Recordemos el Mensaje de nuestros Obispos:<\/span><\/em><\/p>\n<p style=\"margin: 3pt 0cm\" class=\"MsoNormal\"><em><span style=\"font-size: 10pt; font-family: Arial\">\u201cEn Cristo descubrimos la dignidad de los pobres, d\u00e9biles y sufrientes&#8230;.<\/span><\/em><\/p>\n<p style=\"margin: 3pt 0cm\" class=\"MsoNormal\"><em><span style=\"font-size: 10pt; font-family: Arial\">&#8230;Encontramos al Se\u00f1or en el rostro de los hermanos que sufren&#8230;<\/span><\/em><\/p>\n<p style=\"margin: 3pt 0cm\" class=\"MsoNormal\"><em><span style=\"font-size: 10pt; font-family: Arial\">&#8230;tambi\u00e9n en los pecadores<\/span><\/em><\/p>\n<p style=\"margin: 3pt 0cm\" class=\"MsoNormal\"><em><span style=\"font-size: 10pt; font-family: Arial\">Ya que por su Encarnaci\u00f3n, el Hijo de Dios, <\/span><\/em><\/p>\n<p style=\"margin: 3pt 0cm\" class=\"MsoNormal\"><em><span style=\"font-size: 10pt; font-family: Arial\">se ha unido solidariamente con todos\u201d (Navega Mar Adentro 58)<\/span><\/em><\/p>\n<p style=\"margin: 3pt 0cm\" class=\"MsoNormal\"><em><span style=\"font-size: 10pt; font-family: Arial\">\u201cNo podemos ser peregrino hacia el cielo<\/span><\/em><\/p>\n<p style=\"margin: 3pt 0cm\" class=\"MsoNormal\"><em><span style=\"font-size: 10pt; font-family: Arial\">siendo fugitivos de la tierra\u201d( N.M.A 73)<\/span><\/em><\/p>\n<p style=\"margin: 3pt 0cm\" class=\"MsoNormal\"><em><span style=\"font-size: 10pt; font-family: Arial\">Y como la expresamos al proclamar nuestra Fe:<\/span><\/em><\/p>\n<p style=\"margin: 3pt 0cm\" class=\"MsoNormal\"><em><span style=\"font-size: 10pt; font-family: Arial\">\u201cCreo en la Comuni\u00f3n de los Santos\u201d<\/span><\/em><\/p>\n<p style=\"margin: 3pt 0cm\" class=\"MsoNormal\"><em><span style=\"font-size: 10pt; font-family: Arial\">Por ello, recordando la situaci\u00f3n de los disc\u00edpulos; <\/span><\/em><\/p>\n<p style=\"margin: 3pt 0cm\" class=\"MsoNormal\"><em><span style=\"font-size: 10pt; font-family: Arial\">desilusi\u00f3n y desorientaci\u00f3n por la muerte de Jes\u00fas en la Cruz<\/span><\/em><\/p>\n<p style=\"margin: 3pt 0cm\" class=\"MsoNormal\"><em><span style=\"font-size: 10pt; font-family: Arial\">Y luego la experiencia y celebraci\u00f3n de la Resurrecci\u00f3n,-por estar unidos-<\/span><\/em><\/p>\n<p style=\"margin: 3pt 0cm\" class=\"MsoNormal\"><em><span style=\"font-size: 10pt; font-family: Arial\">Animamos a:<\/span><\/em><\/p>\n<p style=\"margin: 3pt 0cm\" class=\"MsoNormal\"><em><span style=\"font-size: 10pt; font-family: Arial\"><span>\u00a0\u00a0\u00a0\u00a0\u00a0\u00a0\u00a0\u00a0\u00a0\u00a0\u00a0 <\/span>-Volver a Dios. \u201cTodo te est\u00e1 diciendo&#8230;llamando, \u201cVu\u00e9lvete a Dios\u201d<\/span><\/em><\/p>\n<p style=\"margin: 3pt 0cm\" class=\"MsoNormal\"><em><span style=\"font-size: 10pt; font-family: Arial\"><span>\u00a0\u00a0\u00a0\u00a0\u00a0\u00a0\u00a0\u00a0\u00a0\u00a0\u00a0 <\/span>-Clamar el \u201cperd\u00f3n de los pecados\u201d propios y de los dem\u00e1s<\/span><\/em><\/p>\n<p style=\"margin: 3pt 0cm\" class=\"MsoNormal\"><em><span style=\"font-size: 10pt; font-family: Arial\"><span>\u00a0\u00a0\u00a0\u00a0\u00a0\u00a0\u00a0\u00a0\u00a0\u00a0\u00a0 <\/span>-Valorar la Fe a los que viven la crisis de la sequ\u00eda<\/span><\/em><\/p>\n<p style=\"margin: 3pt 0cm\" class=\"MsoNormal\"><em><span style=\"font-size: 10pt; font-family: Arial\"><span>\u00a0\u00a0\u00a0\u00a0\u00a0\u00a0\u00a0\u00a0\u00a0\u00a0\u00a0 <\/span>-Entusiasmar para que perseveren en su vocaci\u00f3n rural.<\/span><\/em><\/p>\n<p style=\"margin: 3pt 0cm\" class=\"MsoNormal\"><em><span style=\"font-size: 10pt; font-family: Arial\"><span>\u00a0\u00a0\u00a0\u00a0\u00a0\u00a0\u00a0\u00a0\u00a0\u00a0\u00a0 <\/span>-Sostener en la esperanza. Que nuestra mirada, y la de los que sufren<\/span><\/em><\/p>\n<p style=\"margin: 3pt 0cm\" class=\"MsoNormal\"><em><span style=\"font-size: 10pt; font-family: Arial\"><span>\u00a0\u00a0\u00a0\u00a0\u00a0\u00a0\u00a0\u00a0\u00a0\u00a0\u00a0\u00a0 <\/span>sea \u201cla Plenitud de la vida, desde hoy y en el lugar que vivimos<\/span><\/em><\/p>\n<p style=\"margin: 3pt 0cm\" class=\"MsoNormal\"><em><span style=\"font-size: 10pt; font-family: Arial\"><span>\u00a0\u00a0\u00a0\u00a0\u00a0\u00a0\u00a0\u00a0\u00a0\u00a0\u00a0 <\/span><span>\u00a0\u00a0 <\/span>\u201cQuiero que donde estoy yo, est\u00e9n tambi\u00e9n ustedes\u201d, nos dice Jes\u00fas.<\/span><\/em><\/p>\n<p style=\"margin: 3pt 0cm\" class=\"MsoNormal\"><em><span style=\"font-size: 10pt; font-family: Arial\">\u00a0<\/span><\/em><\/p>\n<p style=\"margin: 3pt 0cm; text-align: right\" class=\"MsoNormal\" align=\"right\"><strong><span style=\"font-size: 10pt; font-family: Arial\">\u00a0<\/span><\/strong><\/p>\n<p style=\"margin: 3pt 0cm; text-align: right\" class=\"MsoNormal\" align=\"right\"><strong><span style=\"font-size: 10pt; font-family: Arial\">MOVIMIENTO RURAL DI\u00d3CESIS DE RECONQUISTA\u00a0<\/span><\/strong><\/p>\n<p style=\"margin: 3pt 0cm; text-align: right\" class=\"MsoNormal\" align=\"right\"><strong><span style=\"font-size: 10pt; font-family: Arial\">Victor Manuel II \u2013Sede del Movimiento Rural-<\/span><\/strong><\/p>\n<p>&nbsp;<\/p>\n","protected":false},"excerpt":{"rendered":"<div class=\"mh-excerpt\"><p><!--[if gte mso 9]><xml>  <w:WordDocument>   <w:View>Normal<\/w:View>   <w:Zoom>0<\/w:Zoom>   <w:HyphenationZone>21<\/w:HyphenationZone>   <w:PunctuationKerning\/>   <w:ValidateAgainstSchemas\/>   <w:SaveIfXMLInvalid>false<\/w:SaveIfXMLInvalid>   <w:IgnoreMixedContent>false<\/w:IgnoreMixedContent>   <w:AlwaysShowPlaceholderText>false<\/w:AlwaysShowPlaceholderText>   <w:Compatibility>    <w:BreakWrappedTables\/>    <w:SnapToGridInCell\/>    <w:WrapTextWithPunct\/>    <w:UseAsianBreakRules\/>    <w:DontGrowAutofit\/>   <\/w:Compatibility>   <w:BrowserLevel>MicrosoftInternetExplorer4<\/w:BrowserLevel>  <\/w:WordDocument> <\/xml><![endif]--><!--[if gte mso 9]><xml>  <w:LatentStyles DefLockedState=\"false\" LatentStyleCount=\"156\">  <\/w:LatentStyles> <\/xml><![endif]--><!--[if !mso]>\n\n<div   classid=\"clsid:38481807-CA0E-42D2-BF39-B33AF135CC4D\" id=ieooui><\/div>\n\n \n\n<style> st1\\:*{behavior:url(#ieooui) } <\/style>\n\n <![endif]--> <!--  \/* Style Definitions *\/  p.MsoNormal, li.MsoNormal, div.MsoNormal \t{mso-style-parent:\"\"; \tmargin:0cm; \tmargin-bottom:.0001pt; \tmso-pagination:widow-orphan; \tfont-size:12.0pt; \tfont-family:\"Times New Roman\"; \tmso-fareast-font-family:\"Times New Roman\";} @page Section1 \t{size:612.0pt 792.0pt; \tmargin:70.85pt 3.0cm 70.85pt 3.0cm; \tmso-header-margin:36.0pt; \tmso-footer-margin:36.0pt; \tmso-paper-source:0;} div.Section1 \t{page:Section1;} --> <!--[if gte mso 10]> \n\n<style>  \/* Style Definitions *\/  table.MsoNormalTable \t{mso-style-name:\"Tabla normal\"; \tmso-tstyle-rowband-size:0; \tmso-tstyle-colband-size:0; \tmso-style-noshow:yes; \tmso-style-parent:\"\"; \tmso-padding-alt:0cm 5.4pt 0cm 5.4pt; \tmso-para-margin:0cm; \tmso-para-margin-bottom:.0001pt; \tmso-pagination:widow-orphan; \tfont-size:10.0pt; \tfont-family:\"Times New Roman\"; \tmso-ansi-language:#0400; \tmso-fareast-language:#0400; \tmso-bidi-language:#0400;} <\/style>\n\n <![endif]--><span style=\"font-size: 10pt; font-family: Arial\">El domingo, 1\u00ba de noviembre, es la Solemnidad de Todos los Santos y\u00a0 la  Jornada Nacional de Oraci\u00f3n por la Santificaci\u00f3n del pueblo argentino y la  Glorificaci\u00f3n de los Siervos de Dios. <\/span><span style=\"font-size: 10pt; font-family: Arial\">Ese d\u00eda hay que rezar por nuestra propia santificaci\u00f3n y por la santidad de tanta gente buena que hay en todas partes y que gracias a Dios existen. Tambi\u00e9n para que oremos por nuestra querida Patria, para que nuestro Se\u00f1or Jesucristo, nos ayude en estos<strong><span style=\"font-family: Arial; font-weight: normal\"> momentos especiales que estamos viviendo, y siga velando y cuidando a nuestra querida Argentina<\/span><\/strong><strong>.<\/strong><\/span>  <\/p>\n<p><span style=\"font-size: 10pt; font-family: Arial\">Compartimos una Oraci\u00f3n-Uni\u00f3n elaborado por el Movimiento Rural Diocesano.<\/span><\/p>\n<p><!--[if gte mso 9]><xml>  <w:WordDocument>   <w:View>Normal<\/w:View>   <w:Zoom>0<\/w:Zoom>   <w:HyphenationZone>21<\/w:HyphenationZone>   <w:PunctuationKerning\/>   <w:ValidateAgainstSchemas\/>   <w:SaveIfXMLInvalid>false<\/w:SaveIfXMLInvalid>   <w:IgnoreMixedContent>false<\/w:IgnoreMixedContent>   <w:AlwaysShowPlaceholderText>false<\/w:AlwaysShowPlaceholderText>   <w:Compatibility>    <w:BreakWrappedTables\/>    <w:SnapToGridInCell\/>    <w:WrapTextWithPunct\/>    <w:UseAsianBreakRules\/>    <w:DontGrowAutofit\/>   <\/w:Compatibility>   <w:BrowserLevel>MicrosoftInternetExplorer4<\/w:BrowserLevel>  <\/w:WordDocument> <\/xml><![endif]--><!--[if gte mso 9]><xml>  <w:LatentStyles DefLockedState=\"false\" LatentStyleCount=\"156\">  <\/w:LatentStyles> <\/xml><![endif]--><!--[if !mso]>\n\n<div   classid=\"clsid:38481807-CA0E-42D2-BF39-B33AF135CC4D\" id=ieooui><\/div>\n\n \n\n<style> st1\\:*{behavior:url(#ieooui) } <\/style>\n\n <![endif]--> <!--  \/* Style Definitions *\/  p.MsoNormal, li.MsoNormal, div.MsoNormal \t{mso-style-parent:\"\"; \tmargin:0cm; \tmargin-bottom:.0001pt; \tmso-pagination:widow-orphan; \tfont-size:12.0pt; \tfont-family:\"Times New Roman\"; \tmso-fareast-font-family:\"Times New Roman\";} @page Section1 \t{size:612.0pt 792.0pt; \tmargin:70.85pt 3.0cm 70.85pt 3.0cm; \tmso-header-margin:36.0pt; \tmso-footer-margin:36.0pt; \tmso-paper-source:0;} div.Section1 \t{page:Section1;} --> <!--[if gte mso 10]> \n\n<style>  \/* Style Definitions *\/  table.MsoNormalTable \t{mso-style-name:\"Tabla normal\"; \tmso-tstyle-rowband-size:0; \tmso-tstyle-colband-size:0; \tmso-style-noshow:yes; \tmso-style-parent:\"\"; \tmso-padding-alt:0cm 5.4pt 0cm 5.4pt; \tmso-para-margin:0cm; \tmso-para-margin-bottom:.0001pt; \tmso-pagination:widow-orphan; \tfont-size:10.0pt; \tfont-family:\"Times New Roman\"; \tmso-ansi-language:#0400; \tmso-fareast-language:#0400; \tmso-bidi-language:#0400;} <\/style>\n\n <![endif]--><\/p>\n<\/div>","protected":false},"author":1,"featured_media":0,"comment_status":"open","ping_status":"open","sticky":false,"template":"","format":"standard","meta":{"footnotes":""},"categories":[28],"tags":[],"class_list":["post-221","post","type-post","status-publish","format-standard","hentry","category-latest-news"],"_links":{"self":[{"href":"https:\/\/www.obispadorqta.org.ar\/v3\/wp-json\/wp\/v2\/posts\/221","targetHints":{"allow":["GET"]}}],"collection":[{"href":"https:\/\/www.obispadorqta.org.ar\/v3\/wp-json\/wp\/v2\/posts"}],"about":[{"href":"https:\/\/www.obispadorqta.org.ar\/v3\/wp-json\/wp\/v2\/types\/post"}],"author":[{"embeddable":true,"href":"https:\/\/www.obispadorqta.org.ar\/v3\/wp-json\/wp\/v2\/users\/1"}],"replies":[{"embeddable":true,"href":"https:\/\/www.obispadorqta.org.ar\/v3\/wp-json\/wp\/v2\/comments?post=221"}],"version-history":[{"count":0,"href":"https:\/\/www.obispadorqta.org.ar\/v3\/wp-json\/wp\/v2\/posts\/221\/revisions"}],"wp:attachment":[{"href":"https:\/\/www.obispadorqta.org.ar\/v3\/wp-json\/wp\/v2\/media?parent=221"}],"wp:term":[{"taxonomy":"category","embeddable":true,"href":"https:\/\/www.obispadorqta.org.ar\/v3\/wp-json\/wp\/v2\/categories?post=221"},{"taxonomy":"post_tag","embeddable":true,"href":"https:\/\/www.obispadorqta.org.ar\/v3\/wp-json\/wp\/v2\/tags?post=221"}],"curies":[{"name":"wp","href":"https:\/\/api.w.org\/{rel}","templated":true}]}}